{"id":229406,"date":"2026-09-02T13:00:20","date_gmt":"2026-09-02T11:00:20","guid":{"rendered":"https:\/\/hadnews.com\/gr\/soren-torpegaard-lund-for-vi-gar-hjem-live-denmark-%f0%9f%87%a9%f0%9f%87%b0-second-semi-final-eurovision-2026-video\/"},"modified":"2026-09-02T13:00:20","modified_gmt":"2026-09-02T11:00:20","slug":"soren-torpegaard-lund-for-vi-gar-hjem-live-denmark-%f0%9f%87%a9%f0%9f%87%b0-second-semi-final-eurovision-2026-video","status":"publish","type":"post","link":"https:\/\/hadnews.com\/gr\/soren-torpegaard-lund-for-vi-gar-hjem-live-denmark-%f0%9f%87%a9%f0%9f%87%b0-second-semi-final-eurovision-2026-video\/","title":{"rendered":"S\u00f8ren Torpegaard Lund &#8211; F\u00f8r Vi G\u00e5r Hjem (LIVE) | Denmark \ud83c\udde9\ud83c\uddf0 | Second Semi-Final | Eurovision 2026 &#8211; Video"},"content":{"rendered":"<p>\u039f S\u00f8ren Torpegaard Lund \u03b5\u03ba\u03c0\u03c1\u03bf\u03c3\u03c9\u03c0\u03b5\u03af \u03c4\u03b7 \u0394\u03b1\u03bd\u03af\u03b1 \u03bc\u03b5 \u03c4\u03bf \u00abF\u00f8r Vi G\u00e5r Hjem\u00bb, \u03bc\u03b9\u03b1 \u03bd\u03c5\u03c7\u03c4\u03b5\u03c1\u03b9\u03bd\u03ae, \u03c0\u03b1\u03b8\u03b9\u03b1\u03c3\u03bc\u03ad\u03bd\u03b7 \u03bc\u03c0\u03b1\u03bb\u03ac\u03bd\u03c4\u03b1\/\u03c0\u03cc\u03c0 \u03b5\u03c1\u03bc\u03b7\u03bd\u03b5\u03af\u03b1 \u03c0\u03bf\u03c5 \u03c0\u03b1\u03c1\u03bf\u03c5\u03c3\u03b9\u03ac\u03c3\u03c4\u03b7\u03ba\u03b5 live \u03c3\u03c4\u03bf Second Semi-Final \u03c4\u03bf\u03c5 Eurovision 2026 \u03c3\u03c4\u03b7 \u0392\u03b9\u03ad\u03bd\u03bd\u03b7. \u03a4\u03bf \u03ba\u03bf\u03bc\u03bc\u03ac\u03c4\u03b9 \u03be\u03b5\u03c7\u03c9\u03c1\u03af\u03b6\u03b5\u03b9 \u03b3\u03b9\u03b1 \u03c4\u03b7\u03bd \u03b1\u03c4\u03bc\u03cc\u03c3\u03c6\u03b1\u03b9\u03c1\u03ac \u03c4\u03bf\u03c5\u2014\u03bd\u03b5\u03bf\u03bd\u03b9\u03ba\u03ac \u03c4\u03bf\u03c0\u03af\u03b1, \u03ad\u03bd\u03c4\u03bf\u03bd\u03bf \u03c3\u03c5\u03bd\u03b1\u03af\u03c3\u03b8\u03b7\u03bc\u03b1 \u03ba\u03b1\u03b9 \u03b5\u03b9\u03ba\u03cc\u03bd\u03b5\u03c2 \u03bc\u03b9\u03b1\u03c2 \u03bd\u03cd\u03c7\u03c4\u03b1\u03c2 \u03c0\u03bf\u03c5 \u03ba\u03b1\u03af\u03b3\u03b5\u03c4\u03b1\u03b9 \u03c0\u03c1\u03b9\u03bd \u03c4\u03bf \u03be\u03b7\u03bc\u03ad\u03c1\u03c9\u03bc\u03b1\u2014\u03ba\u03b1\u03b9 \u03b1\u03c0\u03bf\u03c4\u03c5\u03c0\u03ce\u03bd\u03b5\u03b9 \u03c4\u03b7\u03bd \u03b5\u03cd\u03b8\u03c1\u03b1\u03c5\u03c3\u03c4\u03b7 \u03ad\u03bd\u03c4\u03b1\u03c3\u03b7 \u03bc\u03b5\u03c4\u03b1\u03be\u03cd \u03c0\u03cc\u03b8\u03bf\u03c5 \u03ba\u03b1\u03b9 \u03bc\u03b5\u03c4\u03ac\u03bd\u03bf\u03b9\u03b1\u03c2.<\/p>\n<p>\u03a3\u03c4\u03b1 credits \u03c4\u03bf\u03c5 \u03c4\u03c1\u03b1\u03b3\u03bf\u03c5\u03b4\u03b9\u03bf\u03cd \u03b5\u03bc\u03c6\u03b1\u03bd\u03af\u03b6\u03bf\u03bd\u03c4\u03b1\u03b9, \u03bc\u03b1\u03b6\u03af \u03bc\u03b5 \u03c4\u03bf\u03bd \u03af\u03b4\u03b9\u03bf \u03c4\u03bf\u03bd S\u00f8ren, \u03bf\u03b9 \u03c3\u03c4\u03b9\u03c7\u03bf\u03c5\u03c1\u03b3\u03bf\u03af\/\u03c3\u03c5\u03bd\u03b8\u03ad\u03c4\u03b5\u03c2 Clara Sofie Fabricius, Thomas Meilstrup \u03ba\u03b1\u03b9 Valdemar Littauer Bendixen, \u03ba\u03ac\u03c4\u03b9 \u03c0\u03bf\u03c5 \u03c5\u03c0\u03bf\u03b3\u03c1\u03b1\u03bc\u03bc\u03af\u03b6\u03b5\u03b9 \u03c4\u03b7 \u03c3\u03cd\u03b3\u03c7\u03c1\u03bf\u03bd\u03b7 \u03c3\u03ba\u03b1\u03bd\u03b4\u03b9\u03bd\u03b1\u03b2\u03b9\u03ba\u03ae \u03c0\u03c1\u03bf\u03c3\u03b5\u03b3\u03b3\u03af\u03c3\u03b7 \u03c3\u03c4\u03b7 \u03c3\u03cd\u03bd\u03b8\u03b5\u03c3\u03b7 \u03ba\u03b1\u03b9 \u03c4\u03b7\u03bd \u03c0\u03b1\u03c1\u03b1\u03b3\u03c9\u03b3\u03ae. \u039f\u03b9 \u03c3\u03c4\u03af\u03c7\u03bf\u03b9 \u03bc\u03b9\u03bb\u03bf\u03cd\u03bd \u03b3\u03b9\u03b1 \u03c4\u03b7\u03bd \u03b1\u03c0\u03bf\u03b4\u03bf\u03c7\u03ae \u03c4\u03bf\u03c5 \u03c1\u03af\u03c3\u03ba\u03bf\u03c5 \u03bc\u03b9\u03b1\u03c2 \u03b2\u03c1\u03b1\u03b4\u03b9\u03ac\u03c2, \u03c4\u03b7\u03bd \u03ad\u03bd\u03c4\u03bf\u03bd\u03b7 \u03c3\u03cd\u03bd\u03b4\u03b5\u03c3\u03b7 \u03ba\u03b1\u03b9 \u03c4\u03b7\u03bd \u03b1\u03af\u03c3\u03b8\u03b7\u03c3\u03b7 \u03cc\u03c4\u03b9 \u00ab\u03c0\u03c1\u03b9\u03bd \u03c6\u03cd\u03b3\u03bf\u03c5\u03bc\u03b5 \u03c3\u03c0\u03af\u03c4\u03b9\u00bb \u03cc\u03bb\u03b1 \u03ba\u03b1\u03af\u03b3\u03bf\u03bd\u03c4\u03b1\u03b9 \u03c3\u03b5 \u03ad\u03bd\u03b1 \u03c4\u03b5\u03bb\u03b9\u03ba\u03cc, \u03b5\u03bb\u03ac\u03c7\u03b9\u03c3\u03c4\u03bf \u03be\u03ad\u03c3\u03c0\u03b1\u03c3\u03bc\u03b1.<\/p>\n<p>\u03a9\u03c2 \u03ba\u03b1\u03bb\u03bb\u03b9\u03c4\u03ad\u03c7\u03bd\u03b7\u03c2, \u03bf S\u00f8ren Torpegaard Lund \u03c0\u03b1\u03c1\u03bf\u03c5\u03c3\u03b9\u03ac\u03b6\u03b5\u03c4\u03b1\u03b9 \u03b5\u03b4\u03ce \u03c9\u03c2 \u03c4\u03c1\u03b1\u03b3\u03bf\u03c5\u03b4\u03bf\u03c0\u03bf\u03b9\u03cc\u03c2 \u03ba\u03b1\u03b9 \u03b5\u03c1\u03bc\u03b7\u03bd\u03b5\u03c5\u03c4\u03ae\u03c2 \u03c0\u03bf\u03c5 \u03c6\u03ad\u03c1\u03bd\u03b5\u03b9 \u03bc\u03b9\u03b1 \u03c0\u03c1\u03bf\u03c3\u03c9\u03c0\u03b9\u03ba\u03ae, \u03c3\u03c5\u03bd\u03b1\u03b9\u03c3\u03b8\u03b7\u03bc\u03b1\u03c4\u03b9\u03ba\u03ae \u03c0\u03c1\u03bf\u03c3\u03ad\u03b3\u03b3\u03b9\u03c3\u03b7 \u03c3\u03c4\u03b7 \u03c3\u03ba\u03b7\u03bd\u03ae \u03c4\u03bf\u03c5 \u03b4\u03b9\u03b1\u03b3\u03c9\u03bd\u03b9\u03c3\u03bc\u03bf\u03cd. \u0397 live \u03b5\u03ba\u03c4\u03ad\u03bb\u03b5\u03c3\u03b7 \u03b1\u03bd\u03b1\u03b4\u03b5\u03b9\u03ba\u03bd\u03cd\u03b5\u03b9 \u03c4\u03b9\u03c2 \u03b5\u03c1\u03bc\u03b7\u03bd\u03b5\u03c5\u03c4\u03b9\u03ba\u03ad\u03c2 \u03c4\u03bf\u03c5 \u03b4\u03c5\u03bd\u03b1\u03c4\u03cc\u03c4\u03b7\u03c4\u03b5\u03c2 \u03ba\u03b1\u03b9 \u03c4\u03bf \u03c0\u03ce\u03c2 \u03ad\u03bd\u03b1 \u03c3\u03cd\u03b3\u03c7\u03c1\u03bf\u03bd\u03bf \u03b4\u03b1\u03bd\u03ad\u03b6\u03b9\u03ba\u03bf \u03c0\u03bf\u03c0 \u03c4\u03c1\u03b1\u03b3\u03bf\u03cd\u03b4\u03b9 \u03bc\u03c0\u03bf\u03c1\u03b5\u03af \u03bd\u03b1 \u03bb\u03b5\u03b9\u03c4\u03bf\u03c5\u03c1\u03b3\u03ae\u03c3\u03b5\u03b9 \u03b4\u03c5\u03bd\u03b1\u03bc\u03b9\u03ba\u03ac \u03c3\u03c4\u03bf \u03b5\u03c5\u03c1\u03c9\u03c0\u03b1\u03ca\u03ba\u03cc \u03c3\u03ba\u03b7\u03bd\u03b9\u03ba\u03cc \u03c4\u03bf\u03c5 Eurovision.<\/p>\n<p><b>Video: S\u00f8ren Torpegaard Lund &#8211; F\u00f8r Vi G\u00e5r Hjem (LIVE) | Denmark \ud83c\udde9\ud83c\uddf0 | Second Semi-Final | Eurovision 2026<\/b><br \/>\n[bzplayer youtube=\"https:\/\/www.youtube.com\/watch?v=lqXYe1SHNZA\" autoplay=\"false\" muted=\"false\"]<\/p>\n<p><i>\u03a4\u03bf \u03ac\u03c1\u03b8\u03c1\u03bf \u03c3\u03c5\u03bd\u03c4\u03ac\u03c7\u03b8\u03b7\u03ba\u03b5 \u03bc\u03b5 \u03c4\u03b7 \u03b2\u03bf\u03ae\u03b8\u03b5\u03b9\u03b1 \u03c4\u03bf\u03c5 <a href=\"https:\/\/gretai.com\/el\" target=\"_blank\">GretAi<\/a>. \u03a4\u03bf Video &#8220;S\u00f8ren Torpegaard Lund &#8211; F\u00f8r Vi G\u00e5r Hjem (LIVE) | Denmark \ud83c\udde9\ud83c\uddf0 | Second Semi-Final | Eurovision 2026&#8221; \u03b1\u03bd\u03b1\u03c1\u03c4\u03ae\u03b8\u03b7\u03ba\u03b5 14\/05\/2026 \u03c3\u03c4\u03bf Youtube \u03ba\u03b1\u03bd\u03ac\u03bb\u03b9 <a href=\"\/gr\/eurovision-song-contest\/\" target=\"_blank\"> Eurovision Song Contest <\/a><\/i><\/p>\n","protected":false},"excerpt":{"rendered":"<p>\u039f S\u00f8ren Torpegaard Lund \u03b5\u03ba\u03c0\u03c1\u03bf\u03c3\u03c9\u03c0\u03b5\u03af \u03c4\u03b7 \u0394\u03b1\u03bd\u03af\u03b1 \u03bc\u03b5 \u03c4\u03bf \u00abF\u00f8r Vi G\u00e5r Hjem\u00bb, \u03bc\u03b9\u03b1 \u03bd\u03c5\u03c7\u03c4\u03b5\u03c1\u03b9\u03bd\u03ae, \u03c0\u03b1\u03b8\u03b9\u03b1\u03c3\u03bc\u03ad\u03bd\u03b7 \u03bc\u03c0\u03b1\u03bb\u03ac\u03bd\u03c4\u03b1\/\u03c0\u03cc\u03c0 \u03b5\u03c1\u03bc\u03b7\u03bd\u03b5\u03af\u03b1 \u03c0\u03bf\u03c5 \u03c0\u03b1\u03c1\u03bf\u03c5\u03c3\u03b9\u03ac\u03c3\u03c4\u03b7\u03ba\u03b5 live \u03c3\u03c4\u03bf Second Semi-Final \u03c4\u03bf\u03c5 Eurovision 2026 \u03c3\u03c4\u03b7 \u0392\u03b9\u03ad\u03bd\u03bd\u03b7. \u03a4\u03bf \u03ba\u03bf\u03bc\u03bc\u03ac\u03c4\u03b9 \u03be\u03b5\u03c7\u03c9\u03c1\u03af\u03b6\u03b5\u03b9 \u03b3\u03b9\u03b1 \u03c4\u03b7\u03bd \u03b1\u03c4\u03bc\u03cc\u03c3\u03c6\u03b1\u03b9\u03c1\u03ac \u03c4\u03bf\u03c5\u2014\u03bd\u03b5\u03bf\u03bd\u03b9\u03ba\u03ac \u03c4\u03bf\u03c0\u03af\u03b1, \u03ad\u03bd\u03c4\u03bf\u03bd\u03bf<\/p>\n","protected":false},"author":122,"featured_media":229407,"comment_status":"open","ping_status":"","sticky":false,"template":"","format":"standard","meta":{"footnotes":""},"categories":[462],"tags":[217131,33577,215317,215898,151650,225777,204884],"class_list":["post-229406","post","type-post","status-publish","format-standard","has-post-thumbnail","category-music","tag-denmark","tag-eurovision","tag-eurovision-2026","tag-eurovision-song","tag-live-performance","tag-soren-lund","tag-synth-pop"],"_links":{"self":[{"href":"https:\/\/hadnews.com\/gr\/wp-json\/wp\/v2\/posts\/229406","targetHints":{"allow":["GET"]}}],"collection":[{"href":"https:\/\/hadnews.com\/gr\/wp-json\/wp\/v2\/posts"}],"about":[{"href":"https:\/\/hadnews.com\/gr\/wp-json\/wp\/v2\/types\/post"}],"author":[{"embeddable":true,"href":"https:\/\/hadnews.com\/gr\/wp-json\/wp\/v2\/users\/122"}],"replies":[{"embeddable":true,"href":"https:\/\/hadnews.com\/gr\/wp-json\/wp\/v2\/comments?post=229406"}],"version-history":[{"count":0,"href":"https:\/\/hadnews.com\/gr\/wp-json\/wp\/v2\/posts\/229406\/revisions"}],"wp:featuredmedia":[{"embeddable":true,"href":"https:\/\/hadnews.com\/gr\/wp-json\/wp\/v2\/media\/229407"}],"wp:attachment":[{"href":"https:\/\/hadnews.com\/gr\/wp-json\/wp\/v2\/media?parent=229406"}],"wp:term":[{"taxonomy":"category","embeddable":true,"href":"https:\/\/hadnews.com\/gr\/wp-json\/wp\/v2\/categories?post=229406"},{"taxonomy":"post_tag","embeddable":true,"href":"https:\/\/hadnews.com\/gr\/wp-json\/wp\/v2\/tags?post=229406"}],"curies":[{"name":"wp","href":"https:\/\/api.w.org\/{rel}","templated":true}]}}