{"id":101094,"date":"2024-12-12T10:34:14","date_gmt":"2024-12-12T08:34:14","guid":{"rendered":"https:\/\/hadnews.com\/ro\/in-essence-how-moldova-plans-to-clean-up-with-a-new-broom\/"},"modified":"2024-12-12T10:34:14","modified_gmt":"2024-12-12T08:34:14","slug":"in-essence-how-moldova-plans-to-clean-up-with-a-new-broom","status":"publish","type":"post","link":"https:\/\/hadnews.com\/ro\/in-essence-how-moldova-plans-to-clean-up-with-a-new-broom\/","title":{"rendered":"In essence&#8230; | How Moldova plans to clean up with a new &#8220;broom&#8221;"},"content":{"rendered":"<p>Cele trei Regiuni (nr.5, 8 \u0219i 1) din Republica Moldova, responsabile de gestionarea de\u0219eurilor, se preg\u0103tesc s\u0103 devin\u0103 func\u021bionale p\u00e2n\u0103 la sf\u00e2r\u0219itul anilor 2027, 2028 \u0219i 2029, conform declara\u021biilor secretarului de stat la Ministerul Mediului, Grigore Stratulat, \u00een podcastul Europei Libere \u201e\u00cen esen\u021b\u0103&#8230;\u201d.<\/p>\n<p>Estim\u0103rile privind costurile totale ale noului sistem de management al de\u0219eurilor au crescut p\u00e2n\u0103 la 350 de milioane de euro, fa\u021b\u0103 de 200 de milioane de euro estim\u0103ri din 2019. Acestea vor implica construirea unor poligoane moderne de depozitare a de\u0219eurilor \u00een cele opt regiuni planificate, \u00eenlocuind cele aproape 1140 de gunoi\u0219ti existente \u00een prezent.<\/p>\n<p>Grigore Stratulat explic\u0103 \u00een podcast modul \u00een care va func\u021biona noul sistem, circuitul de\u0219eurilor \u0219i stadiul actual al implement\u0103rii proiectului, care are ca scop schimbarea radical\u0103 a abord\u0103rilor \u0219i managementului de\u0219eurilor din Republica Moldova.<\/p>\n<p>De-a lungul deceniilor, Republica Moldova \u0219i-a construit sistemul de gestionare a de\u0219eurilor conform modelului economiei lineare, care se bazeaz\u0103 pe formula: extrage-produce-consum\u0103-depoziteaz\u0103. Acum, \u021bara se str\u0103duie\u0219te s\u0103 adopte modelul circular, care implic\u0103 reutilizarea de\u0219eurilor.<\/p>\n<p>La nivel actual, gestionarea de\u0219eurilor este reglementat\u0103 \u00een Republica Moldova de aproximativ 40 de acte legislative \u0219i peste 50 de hot\u0103r\u00e2ri guvernamentale.<\/p>\n<p>Podcastul discut\u0103 \u0219i alte aspecte, cum ar fi realiz\u0103rile p\u00e2n\u0103 \u00een prezent \u00een ceea ce prive\u0219te crearea celor opt regiuni de management al de\u0219eurilor, stadiul construc\u021biei primului poligon modern \u00een Regiunea nr. 5, func\u021bionarea viitorului sistem de management al de\u0219eurilor \u00een localit\u0103\u021bile rurale \u0219i urbane, precum \u0219i politici viitoare pentru reducerea importului \u0219i produc\u021biei de materiale plastice \u00een Republica Moldova.<\/p>\n<p>Noul sistem de management al de\u0219eurilor este menit s\u0103 transforme complet abord\u0103rile actuale \u0219i s\u0103 aduc\u0103 Republica Moldova mai aproape de normativele europene \u00een gestionarea de\u0219eurilor.<\/p>\n<p><\/p>\n<div class=\"video-container\">\n    <iframe class=\"video\" src=\"https:\/\/www.youtube.com\/embed\/cO--UJTAM6M\" allowfullscreen><\/iframe>\n<\/div>\n<p><i>Video &#8220;\u201e\u00cen esen\u021b\u0103&#8230;\u201d | Cum R. Moldova vrea s\u0103-\u0219i fac\u0103 cur\u0103\u021benie cu o \u201em\u0103tur\u0103\u201d nou\u0103\u201d a fost \u00eenc\u0103rcat pe 12\/12\/2024 pe canalul YouTube <a href=\"https:\/\/www.youtube.com\/channel\/UCGGIVRhyZZLdWTMeBEqX2Vg\" target=\"_blank\"> Europa Liber\u0103 Moldova <\/a><\/i><\/p>\n","protected":false},"excerpt":{"rendered":"<p>Cele trei Regiuni (nr.5, 8 \u0219i 1) din Republica Moldova, responsabile de gestionarea de\u0219eurilor, se preg\u0103tesc s\u0103 devin\u0103 func\u021bionale p\u00e2n\u0103 la sf\u00e2r\u0219itul anilor 2027, 2028 \u0219i 2029, conform declara\u021biilor secretarului de stat la Ministerul Mediului, Grigore&#8230;<\/p>\n","protected":false},"author":86,"featured_media":101095,"comment_status":"","ping_status":"open","sticky":false,"template":"","format":"standard","meta":{"footnotes":""},"categories":[1],"tags":[83504,83720,83086,83721,83722],"class_list":{"0":"post-101094","1":"post","2":"type-post","3":"status-publish","4":"format-standard","5":"has-post-thumbnail","7":"category-societate","8":"tag-curatenie","9":"tag-gestionare-deseurilor","10":"tag-ministerul-mediului","11":"tag-recyclare","12":"tag-responsabilitate-extinsa-a-producatorului"},"_links":{"self":[{"href":"https:\/\/hadnews.com\/ro\/wp-json\/wp\/v2\/posts\/101094","targetHints":{"allow":["GET"]}}],"collection":[{"href":"https:\/\/hadnews.com\/ro\/wp-json\/wp\/v2\/posts"}],"about":[{"href":"https:\/\/hadnews.com\/ro\/wp-json\/wp\/v2\/types\/post"}],"author":[{"embeddable":true,"href":"https:\/\/hadnews.com\/ro\/wp-json\/wp\/v2\/users\/86"}],"replies":[{"embeddable":true,"href":"https:\/\/hadnews.com\/ro\/wp-json\/wp\/v2\/comments?post=101094"}],"version-history":[{"count":0,"href":"https:\/\/hadnews.com\/ro\/wp-json\/wp\/v2\/posts\/101094\/revisions"}],"wp:featuredmedia":[{"embeddable":true,"href":"https:\/\/hadnews.com\/ro\/wp-json\/wp\/v2\/media\/101095"}],"wp:attachment":[{"href":"https:\/\/hadnews.com\/ro\/wp-json\/wp\/v2\/media?parent=101094"}],"wp:term":[{"taxonomy":"category","embeddable":true,"href":"https:\/\/hadnews.com\/ro\/wp-json\/wp\/v2\/categories?post=101094"},{"taxonomy":"post_tag","embeddable":true,"href":"https:\/\/hadnews.com\/ro\/wp-json\/wp\/v2\/tags?post=101094"}],"curies":[{"name":"wp","href":"https:\/\/api.w.org\/{rel}","templated":true}]}}