{"id":103168,"date":"2024-12-19T09:20:31","date_gmt":"2024-12-19T07:20:31","guid":{"rendered":"https:\/\/hadnews.com\/ro\/bucatarul-alexandru-comerzan-prezinta-somon-cu-ricotta-si-spanac-si-salata-cu-avocado\/"},"modified":"2024-12-19T09:20:31","modified_gmt":"2024-12-19T07:20:31","slug":"bucatarul-alexandru-comerzan-prezinta-somon-cu-ricotta-si-spanac-si-salata-cu-avocado","status":"publish","type":"post","link":"https:\/\/hadnews.com\/ro\/bucatarul-alexandru-comerzan-prezinta-somon-cu-ricotta-si-spanac-si-salata-cu-avocado\/","title":{"rendered":"Buc\u0103tarul Alexandru Comerzan prezint\u0103: Somon cu ricotta \u0219i spanac \u0219i Salat\u0103 cu avocado"},"content":{"rendered":"<p>\u00cen episodul 22 din sezonul 7 al emisiunii \u201eChef de g\u0103tit\u201d cu Alexandru Comerzan, telespectatorii au avut ocazia s\u0103 \u00eenve\u021be cum s\u0103 preg\u0103teasc\u0103 un delicios somon cu ricotta \u0219i spanac, \u00eenso\u021bit de o savuroas\u0103 salat\u0103 cu avocado.<\/p>\n<p>Alexandru Comerzan a demonstrat din nou abilit\u0103\u021bile sale culinare, prezent\u00e2nd pas cu pas re\u021beta acestui preparat rafinat. Combina\u021bia bogat\u0103 de arome \u0219i texturi a impresionat publicul, iar preparatul a fost apreciat at\u00e2t pentru gustul s\u0103u inconfundabil, c\u00e2t \u0219i pentru prezentarea impecabil\u0103.<\/p>\n<p>Emisiunea a demonstrat din nou c\u0103 buc\u0103t\u0103ria poate fi un adev\u0103rat centru al inspira\u021biei \u0219i creativit\u0103\u021bii, oferindu-le amatorilor de g\u0103tit idei noi \u0219i delicioase. Episodul a fost un succes garantat, iar mul\u021bi telespectatori cu siguran\u021b\u0103 \u0219i-au luat noti\u021be pentru a \u00eencerca \u0219i ei re\u021beta acas\u0103.<\/p>\n<p>Cu fiecare edi\u021bie, \u201eChef de g\u0103tit\u201d cu Alexandru Comerzan aduce \u00een casele telespectatorilor bucate inedite \u0219i trucuri culinare utile. R\u0103m\u00e2ne\u021bi cu noi pentru a descoperi \u0219i alte re\u021bete delicioase din sezonul curent sau s\u0103 explora\u021bi episodul din sezonul trecut.<\/p>\n<p><\/p>\n<div class=\"video-container\">\n    <iframe class=\"video\" src=\"https:\/\/www.youtube.com\/embed\/ioU28Izq10s\" allowfullscreen><\/iframe>\n<\/div>\n<p><i>Video &#8220;010\u201eChef de g\u0103tit\u201d cu Alexandru Comerzan. Somon cu ricotta \u0219i spanac. Salat\u0103 cu avocado\u201d a fost \u00eenc\u0103rcat pe 19\/12\/2024 pe canalul YouTube <a href=\"https:\/\/www.youtube.com\/channel\/UCJYCClZe1UppC6q3XJ4Mp2A\" target=\"_blank\"> Jurnal TV <\/a><\/i><\/p>\n","protected":false},"excerpt":{"rendered":"<p>\u00cen episodul 22 din sezonul 7 al emisiunii \u201eChef de g\u0103tit\u201d cu Alexandru Comerzan, telespectatorii au avut ocazia s\u0103 \u00eenve\u021be cum s\u0103 preg\u0103teasc\u0103 un delicios somon cu ricotta \u0219i spanac, \u00eenso\u021bit de o savuroas\u0103 salat\u0103 cu avocado. Alexandru Comerzan a demonstrat din&#8230;<\/p>\n","protected":false},"author":85,"featured_media":103169,"comment_status":"","ping_status":"open","sticky":false,"template":"","format":"standard","meta":{"footnotes":""},"categories":[8158],"tags":[75027,75026,85525,85427,85524],"class_list":{"0":"post-103168","1":"post","2":"type-post","3":"status-publish","4":"format-standard","5":"has-post-thumbnail","7":"category-stiri","8":"tag-alexandru-comerzan","9":"tag-chef-de-gatit","10":"tag-salata-cu-avocado","11":"tag-sezonul-7","12":"tag-somon-cu-ricotta-si-spanac"},"_links":{"self":[{"href":"https:\/\/hadnews.com\/ro\/wp-json\/wp\/v2\/posts\/103168","targetHints":{"allow":["GET"]}}],"collection":[{"href":"https:\/\/hadnews.com\/ro\/wp-json\/wp\/v2\/posts"}],"about":[{"href":"https:\/\/hadnews.com\/ro\/wp-json\/wp\/v2\/types\/post"}],"author":[{"embeddable":true,"href":"https:\/\/hadnews.com\/ro\/wp-json\/wp\/v2\/users\/85"}],"replies":[{"embeddable":true,"href":"https:\/\/hadnews.com\/ro\/wp-json\/wp\/v2\/comments?post=103168"}],"version-history":[{"count":0,"href":"https:\/\/hadnews.com\/ro\/wp-json\/wp\/v2\/posts\/103168\/revisions"}],"wp:featuredmedia":[{"embeddable":true,"href":"https:\/\/hadnews.com\/ro\/wp-json\/wp\/v2\/media\/103169"}],"wp:attachment":[{"href":"https:\/\/hadnews.com\/ro\/wp-json\/wp\/v2\/media?parent=103168"}],"wp:term":[{"taxonomy":"category","embeddable":true,"href":"https:\/\/hadnews.com\/ro\/wp-json\/wp\/v2\/categories?post=103168"},{"taxonomy":"post_tag","embeddable":true,"href":"https:\/\/hadnews.com\/ro\/wp-json\/wp\/v2\/tags?post=103168"}],"curies":[{"name":"wp","href":"https:\/\/api.w.org\/{rel}","templated":true}]}}