{"id":103590,"date":"2024-12-21T18:00:07","date_gmt":"2024-12-21T16:00:07","guid":{"rendered":"https:\/\/hadnews.com\/ro\/the-other-bessarabia-edition-of-december-21-2024\/"},"modified":"2024-12-21T18:00:07","modified_gmt":"2024-12-21T16:00:07","slug":"the-other-bessarabia-edition-of-december-21-2024","status":"publish","type":"post","link":"https:\/\/hadnews.com\/ro\/the-other-bessarabia-edition-of-december-21-2024\/","title":{"rendered":"The Other Bessarabia, Edition of December 21, 2024"},"content":{"rendered":"<p>&#8220;Cealalt\u0103 Basarabie&#8221; a ajuns la un nou episod, difuzat pe 21 decembrie 2024, dedicat \u00een \u00eentregime diasporei moldovene\u0219ti. \u00cen cadrul acestui program special, sunt abordate temele de mare interes pentru cet\u0103\u021benii moldoveni care s-au stabilit peste hotarele \u021b\u0103rii.<\/p>\n<p>Emisiunea dezbat problemele cu care se confrunt\u0103 comunit\u0103\u021bile de moldoveni din \u00eentreaga lume, eviden\u021biind provoc\u0103rile cu care ace\u0219tia se confrunt\u0103 \u0219i povestind \u00een acela\u0219i timp despre succesele lor. Este important s\u0103 se ofere un spa\u021biu pentru a aduce \u00een prim-plan perspectivele \u0219i experien\u021bele moldovenilor din afara \u021b\u0103rii, pentru a \u00een\u021belege mai bine nevoile \u0219i aspira\u021biile lor.<\/p>\n<p>&#8220;Cealalt\u0103 Basarabie&#8221; reprezint\u0103 o oportunitate valoroas\u0103 pentru cet\u0103\u021benii moldoveni emigra\u021bi de a se sim\u021bi conecta\u021bi \u0219i implica\u021bi \u00een via\u021ba social\u0103, cultural\u0103 \u0219i politic\u0103 a \u021b\u0103rii lor natale. Acest program este un bun exemplu de cum media poate fi un instrument puternic pentru a uni comunit\u0103\u021bile \u0219i a spori comunicarea \u00eentre celor afla\u021bi departe de cas\u0103.<\/p>\n<p><\/p>\n<div class=\"video-container\">\n    <iframe class=\"video\" src=\"https:\/\/www.youtube.com\/embed\/O4DkNV9hZas\" allowfullscreen><\/iframe>\n<\/div>\n<p><i>Video &#8220;Cealalt\u0103 Basarabie, edi\u021bia din 21.12.2024\u201d a fost \u00eenc\u0103rcat pe 21\/12\/2024 pe canalul YouTube <a href=\"https:\/\/www.youtube.com\/channel\/UCJYCClZe1UppC6q3XJ4Mp2A\" target=\"_blank\"> Jurnal TV <\/a><\/i><\/p>\n","protected":false},"excerpt":{"rendered":"<p>&#8220;Cealalt\u0103 Basarabie&#8221; a ajuns la un nou episod, difuzat pe 21 decembrie 2024, dedicat \u00een \u00eentregime diasporei moldovene\u0219ti. \u00cen cadrul acestui program special, sunt abordate temele de mare interes pentru cet\u0103\u021benii moldoveni care s-au stabilit peste&#8230;<\/p>\n","protected":false},"author":85,"featured_media":103591,"comment_status":"","ping_status":"open","sticky":false,"template":"","format":"standard","meta":{"footnotes":""},"categories":[8158],"tags":[85910,60051,60048,60050,59648],"class_list":{"0":"post-103590","1":"post","2":"type-post","3":"status-publish","4":"format-standard","5":"has-post-thumbnail","7":"category-stiri","8":"tag-ceaalta-basarabie","9":"tag-comunitati","10":"tag-diaspora","11":"tag-emigrati","12":"tag-moldoveni"},"_links":{"self":[{"href":"https:\/\/hadnews.com\/ro\/wp-json\/wp\/v2\/posts\/103590","targetHints":{"allow":["GET"]}}],"collection":[{"href":"https:\/\/hadnews.com\/ro\/wp-json\/wp\/v2\/posts"}],"about":[{"href":"https:\/\/hadnews.com\/ro\/wp-json\/wp\/v2\/types\/post"}],"author":[{"embeddable":true,"href":"https:\/\/hadnews.com\/ro\/wp-json\/wp\/v2\/users\/85"}],"replies":[{"embeddable":true,"href":"https:\/\/hadnews.com\/ro\/wp-json\/wp\/v2\/comments?post=103590"}],"version-history":[{"count":0,"href":"https:\/\/hadnews.com\/ro\/wp-json\/wp\/v2\/posts\/103590\/revisions"}],"wp:featuredmedia":[{"embeddable":true,"href":"https:\/\/hadnews.com\/ro\/wp-json\/wp\/v2\/media\/103591"}],"wp:attachment":[{"href":"https:\/\/hadnews.com\/ro\/wp-json\/wp\/v2\/media?parent=103590"}],"wp:term":[{"taxonomy":"category","embeddable":true,"href":"https:\/\/hadnews.com\/ro\/wp-json\/wp\/v2\/categories?post=103590"},{"taxonomy":"post_tag","embeddable":true,"href":"https:\/\/hadnews.com\/ro\/wp-json\/wp\/v2\/tags?post=103590"}],"curies":[{"name":"wp","href":"https:\/\/api.w.org\/{rel}","templated":true}]}}