{"id":103674,"date":"2024-12-22T16:16:12","date_gmt":"2024-12-22T14:16:12","guid":{"rendered":"https:\/\/hadnews.com\/ro\/the-excellence-gala-in-education-at-valcea\/"},"modified":"2024-12-22T16:16:12","modified_gmt":"2024-12-22T14:16:12","slug":"the-excellence-gala-in-education-at-valcea","status":"publish","type":"post","link":"https:\/\/hadnews.com\/ro\/the-excellence-gala-in-education-at-valcea\/","title":{"rendered":"The Excellence Gala in Education at V\u00e2lcea"},"content":{"rendered":"<p>Gala ExceLen\u021bei \u00een Educa\u021bie, la V\u00e2lcea<\/p>\n<p>S\u0103rb\u0103toare a performan\u021bei \u00een educa\u021bie la V\u00e2lcea, la sf\u00e2r\u0219itul acestei s\u0103pt\u0103m\u00e2ni. To\u021bi elevii din jude\u021b care au ob\u021binut premii la olimpiadele \u0219i concursurile na\u021bionale \u00een anul \u0219colar trecut au fost recompensa\u021bi cu premii \u00een bani pentru rezultatele deosebite.<\/p>\n<p>Gala ExceLen\u021bei \u00een Educa\u021bie este un eveniment deosebit, care \u00ee\u0219i propune s\u0103 recunoasc\u0103 \u0219i s\u0103 premieze excelen\u021ba \u00een \u00eenv\u0103\u021b\u0103m\u00e2nt. Elevii din jude\u021bul V\u00e2lcea care s-au remarcat prin rezultate remarcabile la olimpiade \u0219i concursuri na\u021bionale au fost invita\u021bi s\u0103 participe la acest eveniment grandios, unde au fost recompensa\u021bi pentru efortul \u0219i dedicarea lor.<\/p>\n<p>Reprezentan\u021bii \u00eenv\u0103\u021b\u0103m\u00e2ntului din V\u00e2lcea au subliniat importan\u021ba educa\u021biei \u0219i a muncii depuse de elevi pentru a ob\u021bine rezultatele deosebite la competi\u021biile na\u021bionale. Ace\u0219tia au fost felicita\u021bi \u0219i \u00eencuraja\u021bi s\u0103 \u00ee\u0219i continue parcursul \u00eenv\u0103\u021b\u0103m\u00e2ntului \u0219i s\u0103 \u00ee\u0219i urmeze visurile.<\/p>\n<p>Gala ExceLen\u021bei \u00een Educa\u021bie a fost un prilej de bucurie \u0219i m\u00e2ndrie pentru to\u021bi cei implica\u021bi \u00een \u00eenv\u0103\u021b\u0103m\u00e2ntul din jude\u021bul V\u00e2lcea. Este important s\u0103 recunoa\u0219tem \u0219i s\u0103 s\u0103rb\u0103torim excelen\u021ba \u00een educa\u021bie \u0219i s\u0103 \u00eencuraj\u0103m tinerii s\u0103 \u00ee\u0219i continue drumul spre succes.<\/p>\n<p><\/p>\n<div class=\"video-container\">\n    <iframe class=\"video\" src=\"https:\/\/www.youtube.com\/embed\/I7UX5l4OreI\" allowfullscreen><\/iframe>\n<\/div>\n<p><i>Video &#8220;GALA EXCELEN\u021aEI \u00ceN EDUCA\u021aIE, LA V\u00c2LCEA\u201d a fost \u00eenc\u0103rcat pe 22\/12\/2024 pe canalul YouTube <a href=\"https:\/\/www.youtube.com\/channel\/UCr0bjXDk71i5-47jNml1zEw\" target=\"_blank\"> TVR Craiova <\/a><\/i><\/p>\n","protected":false},"excerpt":{"rendered":"<p>Gala ExceLen\u021bei \u00een Educa\u021bie, la V\u00e2lcea S\u0103rb\u0103toare a performan\u021bei \u00een educa\u021bie la V\u00e2lcea, la sf\u00e2r\u0219itul acestei s\u0103pt\u0103m\u00e2ni. To\u021bi elevii din jude\u021b care au ob\u021binut premii la olimpiadele \u0219i concursurile na\u021bionale \u00een anul \u0219colar trecut au fost recompensa\u021bi cu premii&#8230;<\/p>\n","protected":false},"author":87,"featured_media":103675,"comment_status":"","ping_status":"open","sticky":false,"template":"","format":"standard","meta":{"footnotes":""},"categories":[8158],"tags":[58814,3390,86001,85999,86000,63713],"class_list":{"0":"post-103674","1":"post","2":"type-post","3":"status-publish","4":"format-standard","5":"has-post-thumbnail","7":"category-stiri","8":"tag-craiova","9":"tag-educatie","10":"tag-oimpiade","11":"tag-performance","12":"tag-premii","13":"tag-valcea"},"_links":{"self":[{"href":"https:\/\/hadnews.com\/ro\/wp-json\/wp\/v2\/posts\/103674","targetHints":{"allow":["GET"]}}],"collection":[{"href":"https:\/\/hadnews.com\/ro\/wp-json\/wp\/v2\/posts"}],"about":[{"href":"https:\/\/hadnews.com\/ro\/wp-json\/wp\/v2\/types\/post"}],"author":[{"embeddable":true,"href":"https:\/\/hadnews.com\/ro\/wp-json\/wp\/v2\/users\/87"}],"replies":[{"embeddable":true,"href":"https:\/\/hadnews.com\/ro\/wp-json\/wp\/v2\/comments?post=103674"}],"version-history":[{"count":0,"href":"https:\/\/hadnews.com\/ro\/wp-json\/wp\/v2\/posts\/103674\/revisions"}],"wp:featuredmedia":[{"embeddable":true,"href":"https:\/\/hadnews.com\/ro\/wp-json\/wp\/v2\/media\/103675"}],"wp:attachment":[{"href":"https:\/\/hadnews.com\/ro\/wp-json\/wp\/v2\/media?parent=103674"}],"wp:term":[{"taxonomy":"category","embeddable":true,"href":"https:\/\/hadnews.com\/ro\/wp-json\/wp\/v2\/categories?post=103674"},{"taxonomy":"post_tag","embeddable":true,"href":"https:\/\/hadnews.com\/ro\/wp-json\/wp\/v2\/tags?post=103674"}],"curies":[{"name":"wp","href":"https:\/\/api.w.org\/{rel}","templated":true}]}}