{"id":103933,"date":"2024-12-23T13:56:02","date_gmt":"2024-12-23T11:56:02","guid":{"rendered":"https:\/\/hadnews.com\/ro\/etno-moldova-traditions-of-child-upbringing\/"},"modified":"2024-12-23T13:56:02","modified_gmt":"2024-12-23T11:56:02","slug":"etno-moldova-traditions-of-child-upbringing","status":"publish","type":"post","link":"https:\/\/hadnews.com\/ro\/etno-moldova-traditions-of-child-upbringing\/","title":{"rendered":"ETNO-MOLDOVA: Traditions of Child Upbringing"},"content":{"rendered":"<p>Un nou episod din seria &#8220;Etno-Moldova&#8221; aduce \u00een prim-plan copiii de diferite na\u021bionalit\u0103\u021bi, care s-au n\u0103scut sau au ajuns \u00een Moldova din diverse motive \u0219i care acum fac parte din aceast\u0103 \u021bar\u0103. V\u0103 invit\u0103m s\u0103 \u00eei cunoa\u0219te\u021bi pe ace\u0219ti tineri, care \u00ee\u0219i respect\u0103 r\u0103d\u0103cinile \u0219i tradi\u021biile familiale. Ce pasiuni au ei, care sunt priorit\u0103\u021bile lor \u00een via\u021b\u0103, ce \u0219tiu despre str\u0103mo\u0219ii lor \u0219i c\u00e2t de m\u00e2ndri sunt de apartenen\u021ba lor etnic\u0103 \u2013 toate acestea vor fi dezv\u0103luite acum.<\/p>\n<p>Proiectul este realizat de BAStv \u00een parteneriat cu Jurnal TV, cu sprijinul Fondului IREX \u0219i al Ambasadei SUA din Moldova.<\/p>\n<p><\/p>\n<div class=\"video-container\">\n    <iframe class=\"video\" src=\"https:\/\/www.youtube.com\/embed\/lVljNmcqVZw\" allowfullscreen><\/iframe>\n<\/div>\n<p><i>Video &#8220;ETNO-MOLDOVA. \u0422\u0440\u0430\u0434\u0438\u0446\u0438\u0438 \u0432\u043e\u0441\u043f\u0438\u0442\u0430\u043d\u0438\u044f \u0434\u0435\u0442\u0435\u0439\u201d a fost \u00eenc\u0103rcat pe 23\/12\/2024 pe canalul YouTube <a href=\"https:\/\/www.youtube.com\/channel\/UCJYCClZe1UppC6q3XJ4Mp2A\" target=\"_blank\"> Jurnal TV <\/a><\/i><\/p>\n","protected":false},"excerpt":{"rendered":"<p>Un nou episod din seria &#8220;Etno-Moldova&#8221; aduce \u00een prim-plan copiii de diferite na\u021bionalit\u0103\u021bi, care s-au n\u0103scut sau au ajuns \u00een Moldova din diverse motive \u0219i care acum fac parte din aceast\u0103 \u021bar\u0103. V\u0103 invit\u0103m s\u0103 \u00eei cunoa\u0219te\u021bi pe ace\u0219ti tineri, care \u00ee\u0219i&#8230;<\/p>\n","protected":false},"author":85,"featured_media":103934,"comment_status":"","ping_status":"open","sticky":false,"template":"","format":"standard","meta":{"footnotes":""},"categories":[8158],"tags":[86306,86307,86308,86309,83223],"class_list":{"0":"post-103933","1":"post","2":"type-post","3":"status-publish","4":"format-standard","5":"has-post-thumbnail","7":"category-stiri","8":"tag-etno-moldova","9":"tag-86307","10":"tag-86308","11":"tag-86309","12":"tag-83223"},"_links":{"self":[{"href":"https:\/\/hadnews.com\/ro\/wp-json\/wp\/v2\/posts\/103933","targetHints":{"allow":["GET"]}}],"collection":[{"href":"https:\/\/hadnews.com\/ro\/wp-json\/wp\/v2\/posts"}],"about":[{"href":"https:\/\/hadnews.com\/ro\/wp-json\/wp\/v2\/types\/post"}],"author":[{"embeddable":true,"href":"https:\/\/hadnews.com\/ro\/wp-json\/wp\/v2\/users\/85"}],"replies":[{"embeddable":true,"href":"https:\/\/hadnews.com\/ro\/wp-json\/wp\/v2\/comments?post=103933"}],"version-history":[{"count":0,"href":"https:\/\/hadnews.com\/ro\/wp-json\/wp\/v2\/posts\/103933\/revisions"}],"wp:featuredmedia":[{"embeddable":true,"href":"https:\/\/hadnews.com\/ro\/wp-json\/wp\/v2\/media\/103934"}],"wp:attachment":[{"href":"https:\/\/hadnews.com\/ro\/wp-json\/wp\/v2\/media?parent=103933"}],"wp:term":[{"taxonomy":"category","embeddable":true,"href":"https:\/\/hadnews.com\/ro\/wp-json\/wp\/v2\/categories?post=103933"},{"taxonomy":"post_tag","embeddable":true,"href":"https:\/\/hadnews.com\/ro\/wp-json\/wp\/v2\/tags?post=103933"}],"curies":[{"name":"wp","href":"https:\/\/api.w.org\/{rel}","templated":true}]}}