{"id":104051,"date":"2024-12-24T08:31:13","date_gmt":"2024-12-24T06:31:13","guid":{"rendered":"https:\/\/hadnews.com\/ro\/program-de-corectare-comportamentala\/"},"modified":"2024-12-24T08:31:13","modified_gmt":"2024-12-24T06:31:13","slug":"program-de-corectare-comportamentala","status":"publish","type":"post","link":"https:\/\/hadnews.com\/ro\/program-de-corectare-comportamentala\/","title":{"rendered":"Program de corectare comportamental\u0103"},"content":{"rendered":"<p>Violen\u021ba \u00een familie \u0219i \u00een baza genului este una dintre cele mai des \u00eent\u00e2lnite \u00eenc\u0103lc\u0103ri ale drepturilor omului care afecteaz\u0103 rela\u021biile dintre membrii familiei \u0219i are un impact semnificativ asupra s\u0103n\u0103t\u0103\u021bii lor fizice, psihologice \u0219i sexuale. Cei care au s\u0103v\u00e2r\u0219it un act de violen\u021b\u0103 asupra unui membru al familiei \u0219i au fost condamna\u021bi cu suspendare au ajuns subiec\u021bi ai proba\u021biunii. Mai exact, ace\u0219tia particip\u0103 la diverse programe de corectare a comportamentului agresiv. Din 2022, legea \u00eei oblig\u0103 pe agresori s\u0103 poarte br\u0103\u021bara de monitorizare electronic\u0103.<\/p>\n<p>Programele de corectare comportamental\u0103 au un rol crucial \u00een schimbarea mentalit\u0103\u021bilor \u0219i comportamentelor agresive ale celor care au comis acte de violen\u021b\u0103 \u00een familie. Aceste programe se concentreaz\u0103 pe identificarea cauzelor comportamentului agresiv, dezvoltarea abilit\u0103\u021bilor de comunicare non-violent\u0103 \u0219i controlarea impulsurilor agresive. Prin participarea la aceste programe, agresorii au \u0219ansa de a \u00een\u021belege consecin\u021bele negative ale ac\u021biunilor lor \u0219i de a g\u0103si modalit\u0103\u021bi de a gestiona furia \u0219i frustrarea \u00eentr-un mod s\u0103n\u0103tos \u0219i constructiv.<\/p>\n<p>Este \u00eembucur\u0103tor s\u0103 vedem c\u0103 exist\u0103 ini\u021biative care sus\u021bin educarea \u0219i reabilitarea agresorilor, contribuind la prevenirea reinciden\u021bei \u0219i la protejarea victimelor de violen\u021b\u0103 \u00een familie. Proiectul prezentat \u00een videoclipul de mai sus beneficiaz\u0103 de suportul Canada Fund for Local Initiatives (CFLI) \u0219i al Ambasadei Canadei \u00een Moldova, Rom\u00e2nia \u0219i Bulgaria, eviden\u021biind importan\u021ba colabor\u0103rii interna\u021bionale \u00een combaterea violen\u021bei domestice.<\/p>\n<p><\/p>\n<div class=\"video-container\">\n    <iframe class=\"video\" src=\"https:\/\/www.youtube.com\/embed\/DLgJ89t2v34\" allowfullscreen><\/iframe>\n<\/div>\n<p><i>Video &#8220;Programe de corectare comportamental\u0103\u201d a fost \u00eenc\u0103rcat pe 24\/12\/2024 pe canalul YouTube <a href=\"https:\/\/www.youtube.com\/channel\/UCJYCClZe1UppC6q3XJ4Mp2A\" target=\"_blank\"> Jurnal TV <\/a><\/i><\/p>\n","protected":false},"excerpt":{"rendered":"<p>Violen\u021ba \u00een familie \u0219i \u00een baza genului este una dintre cele mai des \u00eent\u00e2lnite \u00eenc\u0103lc\u0103ri ale drepturilor omului care afecteaz\u0103 rela\u021biile dintre membrii familiei \u0219i are un impact semnificativ asupra s\u0103n\u0103t\u0103\u021bii lor fizice, psihologice \u0219i sexuale. Cei care au&#8230;<\/p>\n","protected":false},"author":85,"featured_media":104052,"comment_status":"","ping_status":"open","sticky":false,"template":"","format":"standard","meta":{"footnotes":""},"categories":[8158],"tags":[86407,86409,86411,86410,86408],"class_list":{"0":"post-104051","1":"post","2":"type-post","3":"status-publish","4":"format-standard","5":"has-post-thumbnail","7":"category-stiri","8":"tag-comportamental","9":"tag-drepturioaman","10":"tag-monitorizareelectronica","11":"tag-probatiune","12":"tag-violifaamilie"},"_links":{"self":[{"href":"https:\/\/hadnews.com\/ro\/wp-json\/wp\/v2\/posts\/104051","targetHints":{"allow":["GET"]}}],"collection":[{"href":"https:\/\/hadnews.com\/ro\/wp-json\/wp\/v2\/posts"}],"about":[{"href":"https:\/\/hadnews.com\/ro\/wp-json\/wp\/v2\/types\/post"}],"author":[{"embeddable":true,"href":"https:\/\/hadnews.com\/ro\/wp-json\/wp\/v2\/users\/85"}],"replies":[{"embeddable":true,"href":"https:\/\/hadnews.com\/ro\/wp-json\/wp\/v2\/comments?post=104051"}],"version-history":[{"count":0,"href":"https:\/\/hadnews.com\/ro\/wp-json\/wp\/v2\/posts\/104051\/revisions"}],"wp:featuredmedia":[{"embeddable":true,"href":"https:\/\/hadnews.com\/ro\/wp-json\/wp\/v2\/media\/104052"}],"wp:attachment":[{"href":"https:\/\/hadnews.com\/ro\/wp-json\/wp\/v2\/media?parent=104051"}],"wp:term":[{"taxonomy":"category","embeddable":true,"href":"https:\/\/hadnews.com\/ro\/wp-json\/wp\/v2\/categories?post=104051"},{"taxonomy":"post_tag","embeddable":true,"href":"https:\/\/hadnews.com\/ro\/wp-json\/wp\/v2\/tags?post=104051"}],"curies":[{"name":"wp","href":"https:\/\/api.w.org\/{rel}","templated":true}]}}