{"id":104795,"date":"2024-12-28T02:08:10","date_gmt":"2024-12-28T00:08:10","guid":{"rendered":"https:\/\/hadnews.com\/ro\/interview-of-the-day-saint-stephen\/"},"modified":"2024-12-28T02:08:10","modified_gmt":"2024-12-28T00:08:10","slug":"interview-of-the-day-saint-stephen","status":"publish","type":"post","link":"https:\/\/hadnews.com\/ro\/interview-of-the-day-saint-stephen\/","title":{"rendered":"Interview of the Day &#8211; Saint Stephen"},"content":{"rendered":"<p>Ast\u0103zi, Biserica Ortodox\u0103 s\u0103rb\u0103tore\u0219te pe Sf\u00e2ntul \u0218tefan, unul dintre cei mai importan\u021bi ucenici ai lui Iisus Hristos. Sf\u00e2ntul \u0218tefan a fost primul martir cre\u0219tin, fiind condamnat la moarte de c\u0103tre autorit\u0103\u021bile iudaice din Ierusalim. <\/p>\n<p>\u00centr-un interviu special acordat pentru emisiunea \u201eInterviul Zilei\u201d, preotul Marius Re\u0219ceanu ne \u00eemp\u0103rt\u0103\u0219e\u0219te mai multe detalii despre via\u021ba Sf\u00e2ntului \u0218tefan \u0219i \u00eenv\u0103\u021b\u0103turile sale. Cu o via\u021b\u0103 dedicat\u0103 credin\u021bei \u0219i devotamentului, Sf\u00e2ntul \u0218tefan este un exemplu pentru cre\u0219tini \u00een drumul lor spiritual.<\/p>\n<p>Preotul Marius Re\u0219ceanu aduce \u00een prim-plan aspecte importante din via\u021ba Sf\u00e2ntului \u0218tefan, eviden\u021biind sacrificiul s\u0103u \u0219i puterea credin\u021bei \u00een fa\u021ba persecu\u021biilor religioase. Interviul este un prilej de a \u00eenv\u0103\u021ba mai multe despre aceast\u0103 personalitate important\u0103 din istoria cre\u0219tinismului \u0219i despre mesajul s\u0103u pentru contemporanii no\u0219tri.<\/p>\n<p>Sf\u00e2ntul \u0218tefan r\u0103m\u00e2ne un simbol al credin\u021bei \u0219i al curajului, iar ziua sa este una de s\u0103rb\u0103toare \u0219i recuno\u0219tin\u021b\u0103 pentru \u00eentreaga comunitate cre\u0219tin\u0103. Interviul acordat de preotul Marius Re\u0219ceanu ne ofer\u0103 o perspectiv\u0103 ampl\u0103 asupra vie\u021bii \u0219i \u00eenv\u0103\u021b\u0103turilor Sf\u00e2ntului \u0218tefan, \u00eencuraj\u00e2ndu-ne s\u0103 reflect\u0103m asupra valorilor spirituale \u0219i asupra importan\u021bei credin\u021bei \u00een via\u021ba noastr\u0103 de zi cu zi.<\/p>\n<p><\/p>\n<div class=\"video-container\">\n    <iframe class=\"video\" src=\"https:\/\/www.youtube.com\/embed\/vTssmmKDT9k\" allowfullscreen><\/iframe>\n<\/div>\n<p><i>Video &#8220;INTERVIUL ZILEI \u2013 SF\u00c2NTUL \u015eTEFAN\u201d a fost \u00eenc\u0103rcat pe 27\/12\/2024 pe canalul YouTube <a href=\"https:\/\/www.youtube.com\/channel\/UCr0bjXDk71i5-47jNml1zEw\" target=\"_blank\"> TVR Craiova <\/a><\/i><\/p>\n","protected":false},"excerpt":{"rendered":"<p>Ast\u0103zi, Biserica Ortodox\u0103 s\u0103rb\u0103tore\u0219te pe Sf\u00e2ntul \u0218tefan, unul dintre cei mai importan\u021bi ucenici ai lui Iisus Hristos. Sf\u00e2ntul \u0218tefan a fost primul martir cre\u0219tin, fiind condamnat la moarte de c\u0103tre autorit\u0103\u021bile iudaice din Ierusalim. \u00centr-un interviu special&#8230;<\/p>\n","protected":false},"author":87,"featured_media":104796,"comment_status":"","ping_status":"open","sticky":false,"template":"","format":"standard","meta":{"footnotes":""},"categories":[8158],"tags":[86666,58814,58819,85573,62308,86750],"class_list":{"0":"post-104795","1":"post","2":"type-post","3":"status-publish","4":"format-standard","5":"has-post-thumbnail","7":"category-stiri","8":"tag-biserica-ortodoxa","9":"tag-craiova","10":"tag-interviul-zilei","11":"tag-martir","12":"tag-sarbatoare","13":"tag-sfantul-stefan"},"_links":{"self":[{"href":"https:\/\/hadnews.com\/ro\/wp-json\/wp\/v2\/posts\/104795","targetHints":{"allow":["GET"]}}],"collection":[{"href":"https:\/\/hadnews.com\/ro\/wp-json\/wp\/v2\/posts"}],"about":[{"href":"https:\/\/hadnews.com\/ro\/wp-json\/wp\/v2\/types\/post"}],"author":[{"embeddable":true,"href":"https:\/\/hadnews.com\/ro\/wp-json\/wp\/v2\/users\/87"}],"replies":[{"embeddable":true,"href":"https:\/\/hadnews.com\/ro\/wp-json\/wp\/v2\/comments?post=104795"}],"version-history":[{"count":0,"href":"https:\/\/hadnews.com\/ro\/wp-json\/wp\/v2\/posts\/104795\/revisions"}],"wp:featuredmedia":[{"embeddable":true,"href":"https:\/\/hadnews.com\/ro\/wp-json\/wp\/v2\/media\/104796"}],"wp:attachment":[{"href":"https:\/\/hadnews.com\/ro\/wp-json\/wp\/v2\/media?parent=104795"}],"wp:term":[{"taxonomy":"category","embeddable":true,"href":"https:\/\/hadnews.com\/ro\/wp-json\/wp\/v2\/categories?post=104795"},{"taxonomy":"post_tag","embeddable":true,"href":"https:\/\/hadnews.com\/ro\/wp-json\/wp\/v2\/tags?post=104795"}],"curies":[{"name":"wp","href":"https:\/\/api.w.org\/{rel}","templated":true}]}}