{"id":107887,"date":"2025-01-11T17:29:11","date_gmt":"2025-01-11T15:29:11","guid":{"rendered":"https:\/\/hadnews.com\/ro\/thinking-about-the-national-team\/"},"modified":"2025-01-11T17:29:11","modified_gmt":"2025-01-11T15:29:11","slug":"thinking-about-the-national-team","status":"publish","type":"post","link":"https:\/\/hadnews.com\/ro\/thinking-about-the-national-team\/","title":{"rendered":"Thinking about the National Team"},"content":{"rendered":"<p>Antrenorul echipei na\u021bionale de fotbal a Rom\u00e2niei, Mircea Lucescu, pare s\u0103 aib\u0103 \u00een vedere c\u00e2\u021biva juc\u0103tori de la Universitatea Craiova pentru campania de calificare la Campionatul Mondial. Printre ace\u0219tia se num\u0103r\u0103 Alexandru Mitri\u021b\u0103, Nicu\u0219or Bancu \u0219i Lauren\u021biu Popescu. De asemenea, revenit dup\u0103 o accidentare grav\u0103, Vladimir Screciu \u00ee\u0219i dore\u0219te s\u0103 \u00ee\u0219i c\u00e2\u0219tige un loc \u00een lotul na\u021bionalei.<\/p>\n<p>Cu siguran\u021b\u0103 fanii echipei na\u021bionale sunt \u00eenc\u00e2nta\u021bi s\u0103 vad\u0103 c\u0103 juc\u0103torii Universit\u0103\u021bii Craiova sunt lua\u021bi \u00een considerare pentru a reprezenta Rom\u00e2nia la un nivel interna\u021bional. Fiecare dintre ace\u0219ti fotbali\u0219ti \u0219i-au demonstrat calit\u0103\u021bile pe teren \u0219i sunt preg\u0103ti\u021bi s\u0103 lupte pentru tricolor.<\/p>\n<p>Mircea Lucescu va avea o sarcin\u0103 dificil\u0103 \u00een alegerea lotului pentru campania de calificare la Campionatul Mondial \u0219i va trebui s\u0103 fac\u0103 alegerile potrivite pentru a asigura succesul echipei na\u021bionale. \u00cen timp ce juc\u0103torii de la Universitatea Craiova sper\u0103 s\u0103 fie selecta\u021bi, restul echipei na\u021bionale a\u0219teapt\u0103 cu ner\u0103bdare s\u0103 vad\u0103 cine va face parte din echip\u0103.<\/p>\n<p><\/p>\n<div class=\"video-container\">\n    <iframe class=\"video\" src=\"https:\/\/www.youtube.com\/embed\/h7jz2IifeQc\" allowfullscreen><\/iframe>\n<\/div>\n<p><i>Video &#8220;CU G\u00c2NDUL LA NA\u021aIONAL\u0102\u201d a fost \u00eenc\u0103rcat pe 11\/01\/2025 pe canalul YouTube <a href=\"https:\/\/www.youtube.com\/channel\/UCr0bjXDk71i5-47jNml1zEw\" target=\"_blank\"> TVR Craiova <\/a><\/i><\/p>\n","protected":false},"excerpt":{"rendered":"<p>Antrenorul echipei na\u021bionale de fotbal a Rom\u00e2niei, Mircea Lucescu, pare s\u0103 aib\u0103 \u00een vedere c\u00e2\u021biva juc\u0103tori de la Universitatea Craiova pentru campania de calificare la Campionatul Mondial. Printre ace\u0219tia se num\u0103r\u0103 Alexandru Mitri\u021b\u0103, Nicu\u0219or Bancu \u0219i Lauren\u021biu&#8230;<\/p>\n","protected":false},"author":87,"featured_media":107888,"comment_status":"","ping_status":"open","sticky":false,"template":"","format":"standard","meta":{"footnotes":""},"categories":[8158],"tags":[89474,58814,89471,89473,89472,3080],"class_list":{"0":"post-107887","1":"post","2":"type-post","3":"status-publish","4":"format-standard","5":"has-post-thumbnail","7":"category-stiri","8":"tag-campioanatul-mondial","9":"tag-craiova","10":"tag-gandul","11":"tag-mircea-lucescu","12":"tag-nationala","13":"tag-universitate"},"_links":{"self":[{"href":"https:\/\/hadnews.com\/ro\/wp-json\/wp\/v2\/posts\/107887","targetHints":{"allow":["GET"]}}],"collection":[{"href":"https:\/\/hadnews.com\/ro\/wp-json\/wp\/v2\/posts"}],"about":[{"href":"https:\/\/hadnews.com\/ro\/wp-json\/wp\/v2\/types\/post"}],"author":[{"embeddable":true,"href":"https:\/\/hadnews.com\/ro\/wp-json\/wp\/v2\/users\/87"}],"replies":[{"embeddable":true,"href":"https:\/\/hadnews.com\/ro\/wp-json\/wp\/v2\/comments?post=107887"}],"version-history":[{"count":0,"href":"https:\/\/hadnews.com\/ro\/wp-json\/wp\/v2\/posts\/107887\/revisions"}],"wp:featuredmedia":[{"embeddable":true,"href":"https:\/\/hadnews.com\/ro\/wp-json\/wp\/v2\/media\/107888"}],"wp:attachment":[{"href":"https:\/\/hadnews.com\/ro\/wp-json\/wp\/v2\/media?parent=107887"}],"wp:term":[{"taxonomy":"category","embeddable":true,"href":"https:\/\/hadnews.com\/ro\/wp-json\/wp\/v2\/categories?post=107887"},{"taxonomy":"post_tag","embeddable":true,"href":"https:\/\/hadnews.com\/ro\/wp-json\/wp\/v2\/tags?post=107887"}],"curies":[{"name":"wp","href":"https:\/\/api.w.org\/{rel}","templated":true}]}}