{"id":110675,"date":"2025-01-23T21:31:06","date_gmt":"2025-01-23T19:31:06","guid":{"rendered":"https:\/\/hadnews.com\/ro\/cabinetul-din-umbra-cu-vitalie-calugareanu-episoada-din-23-01-2025\/"},"modified":"2025-01-23T21:31:06","modified_gmt":"2025-01-23T19:31:06","slug":"cabinetul-din-umbra-cu-vitalie-calugareanu-episoada-din-23-01-2025","status":"publish","type":"post","link":"https:\/\/hadnews.com\/ro\/cabinetul-din-umbra-cu-vitalie-calugareanu-episoada-din-23-01-2025\/","title":{"rendered":"Cabinetul din umbr\u0103 cu Vitalie C\u0103lug\u0103reanu, episoada din 23.01.2025"},"content":{"rendered":"<p>\u00cen edi\u021bia din 23 ianuarie 2025 a emisiunii &#8220;Cabinetul din umbr\u0103 cu Vitalie C\u0103lug\u0103reanu&#8221;, telespectatorii au avut ocazia s\u0103 urm\u0103reasc\u0103 un dialog captivant \u00eentre gazda emisiunii \u0219i invita\u021bii s\u0103i.<\/p>\n<p>Olesea Stamate, Dinu Pl\u00eeng\u0103u \u0219i, eventual, Alexandru Bot s-au al\u0103turat lui Vitalie C\u0103lug\u0103reanu pentru a discuta despre subiecte de actualitate din sfera politic\u0103 \u0219i social\u0103. Cu ani de experien\u021b\u0103 \u00een domeniul lor de expertiz\u0103, invita\u021bii au adus perspective interesante \u0219i argumentate asupra temelor abordate \u00een cadrul emisiunii.<\/p>\n<p>De la analiza deciziilor guvernamentale la discutarea evenimentelor interna\u021bionale importante, participan\u021bii au dezvoltat un schimb constructiv de idei, oferind telespectatorilor oportunitatea de a \u00een\u021belege mai bine contextul politic actual.<\/p>\n<p>Emisiunea &#8220;Cabinetul din umbr\u0103 cu Vitalie C\u0103lug\u0103reanu&#8221; continu\u0103 s\u0103 fie o platform\u0103 de dezbateri relevante \u0219i informa\u021bii de calitate, aduc\u00e2nd \u00een aten\u021bia publicului opinii diverse \u0219i analize pertinente asupra temelor politice din Rom\u00e2nia \u0219i din lume.<\/p>\n<p><\/p>\n<div class=\"video-container\">\n    <iframe class=\"video\" src=\"https:\/\/www.youtube.com\/embed\/KtI6gIBOaBQ\" allowfullscreen><\/iframe>\n<\/div>\n<p><i>Video &#8220;Cabinetul din umbr\u0103 cu Vitalie C\u0103lug\u0103reanu, edi\u021bia din 23.01.2025\u201d a fost \u00eenc\u0103rcat pe 23\/01\/2025 pe canalul YouTube <a href=\"https:\/\/www.youtube.com\/channel\/UCJYCClZe1UppC6q3XJ4Mp2A\" target=\"_blank\"> Jurnal TV <\/a><\/i><\/p>\n","protected":false},"excerpt":{"rendered":"<p>\u00cen edi\u021bia din 23 ianuarie 2025 a emisiunii &#8220;Cabinetul din umbr\u0103 cu Vitalie C\u0103lug\u0103reanu&#8221;, telespectatorii au avut ocazia s\u0103 urm\u0103reasc\u0103 un dialog captivant \u00eentre gazda emisiunii \u0219i invita\u021bii s\u0103i. Olesea Stamate, Dinu Pl\u00eeng\u0103u \u0219i, eventual, Alexandru&#8230;<\/p>\n","protected":false},"author":85,"featured_media":110676,"comment_status":"","ping_status":"open","sticky":false,"template":"","format":"standard","meta":{"footnotes":""},"categories":[8158],"tags":[91398,59555,91397,91396,59556],"class_list":{"0":"post-110675","1":"post","2":"type-post","3":"status-publish","4":"format-standard","5":"has-post-thumbnail","7":"category-stiri","8":"tag-alexandru-bot","9":"tag-cabinetul-din-umbra","10":"tag-dinu-plingau","11":"tag-olesea-stamate","12":"tag-vitalie-calugareanu"},"_links":{"self":[{"href":"https:\/\/hadnews.com\/ro\/wp-json\/wp\/v2\/posts\/110675","targetHints":{"allow":["GET"]}}],"collection":[{"href":"https:\/\/hadnews.com\/ro\/wp-json\/wp\/v2\/posts"}],"about":[{"href":"https:\/\/hadnews.com\/ro\/wp-json\/wp\/v2\/types\/post"}],"author":[{"embeddable":true,"href":"https:\/\/hadnews.com\/ro\/wp-json\/wp\/v2\/users\/85"}],"replies":[{"embeddable":true,"href":"https:\/\/hadnews.com\/ro\/wp-json\/wp\/v2\/comments?post=110675"}],"version-history":[{"count":0,"href":"https:\/\/hadnews.com\/ro\/wp-json\/wp\/v2\/posts\/110675\/revisions"}],"wp:featuredmedia":[{"embeddable":true,"href":"https:\/\/hadnews.com\/ro\/wp-json\/wp\/v2\/media\/110676"}],"wp:attachment":[{"href":"https:\/\/hadnews.com\/ro\/wp-json\/wp\/v2\/media?parent=110675"}],"wp:term":[{"taxonomy":"category","embeddable":true,"href":"https:\/\/hadnews.com\/ro\/wp-json\/wp\/v2\/categories?post=110675"},{"taxonomy":"post_tag","embeddable":true,"href":"https:\/\/hadnews.com\/ro\/wp-json\/wp\/v2\/tags?post=110675"}],"curies":[{"name":"wp","href":"https:\/\/api.w.org\/{rel}","templated":true}]}}