{"id":113977,"date":"2025-02-06T17:20:32","date_gmt":"2025-02-06T15:20:32","guid":{"rendered":"https:\/\/hadnews.com\/ro\/jurnal-tv-news-06-02-2025\/"},"modified":"2025-02-06T17:20:32","modified_gmt":"2025-02-06T15:20:32","slug":"jurnal-tv-news-06-02-2025","status":"publish","type":"post","link":"https:\/\/hadnews.com\/ro\/jurnal-tv-news-06-02-2025\/","title":{"rendered":"Jurnal TV News, 06.02.2025"},"content":{"rendered":"<p>Ast\u0103zi, Jurnal TV v\u0103 aduce cele mai importante \u0219tiri din Moldova \u0219i din lumea \u00eentreag\u0103, \u00een data de 6 februarie 2025.<\/p>\n<p>\u00cen \u0219tirile interne, prim-ministrul a anun\u021bat m\u0103suri pentru sporirea transparen\u021bei \u00een administra\u021bia public\u0103, scopul fiind eliminarea corup\u021biei \u00een r\u00e2ndul oficialilor. De asemenea, ministrul s\u0103n\u0103t\u0103\u021bii a prezentat strategia guvernului privind combaterea bolilor infec\u021bioase, dup\u0103 cre\u0219terea num\u0103rului de cazuri de grip\u0103 \u00een ultimele s\u0103pt\u0103m\u00e2ni.<\/p>\n<p>\u00cen ceea ce prive\u0219te \u0219tirile interna\u021bionale, protestele din \u021bara vecin\u0103 au continuat, iar tensiunile politice au atins cote alarmante. De asemenea, Organiza\u021bia Na\u021biunilor Unite a emis un comunicat referitor la situa\u021bia conflictului din Orientul Mijlociu, cer\u00e2nd un dialog pa\u0219nic \u00eentre p\u0103r\u021bile implicate.<\/p>\n<p>Pe plan cultural, Jurnal TV v\u0103 prezint\u0103 un interviu exclusiv cu o artist\u0103 plastic\u0103 renumit\u0103, care vorbe\u0219te despre ultima sa expozi\u021bie \u0219i despre inspira\u021bia din spatele operelor sale.<\/p>\n<p>Nu uita\u021bi s\u0103 urm\u0103ri\u021bi Jurnal TV pentru a fi mereu la curent cu ultimele nout\u0103\u021bi din \u021bar\u0103 \u0219i din lume.<\/p>\n<p><\/p>\n<div class=\"video-container\">\n    <iframe class=\"video\" src=\"https:\/\/www.youtube.com\/embed\/8BX6ZzNiqVY\" allowfullscreen><\/iframe>\n<\/div>\n<p><i>Video &#8220;\u041d\u043e\u0432\u043e\u0441\u0442\u0438 Jurnal TV, 06.02.2025\u201d a fost \u00eenc\u0103rcat pe 06\/02\/2025 pe canalul YouTube <a href=\"https:\/\/www.youtube.com\/channel\/UCJYCClZe1UppC6q3XJ4Mp2A\" target=\"_blank\"> Jurnal TV <\/a><\/i><\/p>\n","protected":false},"excerpt":{"rendered":"<p>Ast\u0103zi, Jurnal TV v\u0103 aduce cele mai importante \u0219tiri din Moldova \u0219i din lumea \u00eentreag\u0103, \u00een data de 6 februarie 2025. \u00cen \u0219tirile interne, prim-ministrul a anun\u021bat m\u0103suri pentru sporirea transparen\u021bei \u00een administra\u021bia public\u0103, scopul fiind eliminarea corup\u021biei&#8230;<\/p>\n","protected":false},"author":85,"featured_media":113978,"comment_status":"","ping_status":"open","sticky":false,"template":"","format":"standard","meta":{"footnotes":""},"categories":[8158],"tags":[83028,93530,58798,13308,63178,58801],"class_list":{"0":"post-113977","1":"post","2":"type-post","3":"status-publish","4":"format-standard","5":"has-post-thumbnail","7":"category-stiri","8":"tag-83028","9":"tag-february-6","10":"tag-jurnal-tv","11":"tag-news","12":"tag-russia","13":"tag-television"},"_links":{"self":[{"href":"https:\/\/hadnews.com\/ro\/wp-json\/wp\/v2\/posts\/113977","targetHints":{"allow":["GET"]}}],"collection":[{"href":"https:\/\/hadnews.com\/ro\/wp-json\/wp\/v2\/posts"}],"about":[{"href":"https:\/\/hadnews.com\/ro\/wp-json\/wp\/v2\/types\/post"}],"author":[{"embeddable":true,"href":"https:\/\/hadnews.com\/ro\/wp-json\/wp\/v2\/users\/85"}],"replies":[{"embeddable":true,"href":"https:\/\/hadnews.com\/ro\/wp-json\/wp\/v2\/comments?post=113977"}],"version-history":[{"count":0,"href":"https:\/\/hadnews.com\/ro\/wp-json\/wp\/v2\/posts\/113977\/revisions"}],"wp:featuredmedia":[{"embeddable":true,"href":"https:\/\/hadnews.com\/ro\/wp-json\/wp\/v2\/media\/113978"}],"wp:attachment":[{"href":"https:\/\/hadnews.com\/ro\/wp-json\/wp\/v2\/media?parent=113977"}],"wp:term":[{"taxonomy":"category","embeddable":true,"href":"https:\/\/hadnews.com\/ro\/wp-json\/wp\/v2\/categories?post=113977"},{"taxonomy":"post_tag","embeddable":true,"href":"https:\/\/hadnews.com\/ro\/wp-json\/wp\/v2\/tags?post=113977"}],"curies":[{"name":"wp","href":"https:\/\/api.w.org\/{rel}","templated":true}]}}