{"id":114309,"date":"2025-02-08T18:28:13","date_gmt":"2025-02-08T16:28:13","guid":{"rendered":"https:\/\/hadnews.com\/ro\/suficienti-pentru-pasta\/"},"modified":"2025-02-08T18:28:13","modified_gmt":"2025-02-08T16:28:13","slug":"suficienti-pentru-pasta","status":"publish","type":"post","link":"https:\/\/hadnews.com\/ro\/suficienti-pentru-pasta\/","title":{"rendered":"Suficien\u021bi pentru Past\u0103"},"content":{"rendered":"<p>Cu mai pu\u021bin de dou\u0103 luni p\u00e2n\u0103 la s\u0103rb\u0103toarea Pa\u0219telui, cresc\u0103torii de oi din Mehedin\u021bi sunt preg\u0103ti\u021bi s\u0103 scoat\u0103 la v\u00e2nzare miei suficient de mari pentru a satisface cererea din aceast\u0103 perioad\u0103. Cu toate acestea, seceta care a afectat nutre\u021burile vegetale a pus o presiune suplimentar\u0103 asupra fermierilor, care au fost nevoi\u021bi s\u0103 apeleze la hrana cu cereale pentru a asigura cre\u0219terea s\u0103n\u0103toas\u0103 a animalelor.<\/p>\n<p>Aceast\u0103 schimbare \u00een dieta animalelor a dus la costuri ridicate pentru cresc\u0103tori, care acum se confrunt\u0103 cu un nou set de provoc\u0103ri \u00een acest an. De\u0219i mieii sunt preg\u0103ti\u021bi pentru pia\u021b\u0103, nu este clar cum acest factor va influen\u021ba pre\u021bul final al acestora pentru consumatori.<\/p>\n<p>Cu toate acestea, fermierii din Mehedin\u021bi sunt optimi\u0219ti c\u0103 vor reu\u0219i s\u0103 dep\u0103\u0219easc\u0103 aceste obstacole \u0219i s\u0103 ofere miei de calitate pentru masa de Pa\u0219te a familiilor din \u00eentreaga \u021bar\u0103. \u00cen ciuda dificult\u0103\u021bilor \u00eent\u00e2mpinate, ace\u0219tia continu\u0103 s\u0103 munceasc\u0103 din greu pentru a asigura c\u0103 produsele lor sunt de cea mai bun\u0103 calitate posibil\u0103.<\/p>\n<p><\/p>\n<div class=\"video-container\">\n    <iframe class=\"video\" src=\"https:\/\/www.youtube.com\/embed\/1VfYBodIoz8\" allowfullscreen><\/iframe>\n<\/div>\n<p><i>Video &#8220;MIEI SUFICIEN\u021aI PENTRU PA\u0218TE\u201d a fost \u00eenc\u0103rcat pe 08\/02\/2025 pe canalul YouTube <a href=\"https:\/\/www.youtube.com\/channel\/UCr0bjXDk71i5-47jNml1zEw\" target=\"_blank\"> TVR Craiova <\/a><\/i><\/p>\n","protected":false},"excerpt":{"rendered":"<p>Cu mai pu\u021bin de dou\u0103 luni p\u00e2n\u0103 la s\u0103rb\u0103toarea Pa\u0219telui, cresc\u0103torii de oi din Mehedin\u021bi sunt preg\u0103ti\u021bi s\u0103 scoat\u0103 la v\u00e2nzare miei suficient de mari pentru a satisface cererea din aceast\u0103 perioad\u0103. Cu toate acestea, seceta care a afectat nutre\u021burile vegetale a&#8230;<\/p>\n","protected":false},"author":87,"featured_media":114310,"comment_status":"","ping_status":"open","sticky":false,"template":"","format":"standard","meta":{"footnotes":""},"categories":[8158],"tags":[88202,58814,93764,58871,93763,13902],"class_list":{"0":"post-114309","1":"post","2":"type-post","3":"status-publish","4":"format-standard","5":"has-post-thumbnail","7":"category-stiri","8":"tag-costuri","9":"tag-craiova","10":"tag-crescatori","11":"tag-mehedinti","12":"tag-miei","13":"tag-paste"},"_links":{"self":[{"href":"https:\/\/hadnews.com\/ro\/wp-json\/wp\/v2\/posts\/114309","targetHints":{"allow":["GET"]}}],"collection":[{"href":"https:\/\/hadnews.com\/ro\/wp-json\/wp\/v2\/posts"}],"about":[{"href":"https:\/\/hadnews.com\/ro\/wp-json\/wp\/v2\/types\/post"}],"author":[{"embeddable":true,"href":"https:\/\/hadnews.com\/ro\/wp-json\/wp\/v2\/users\/87"}],"replies":[{"embeddable":true,"href":"https:\/\/hadnews.com\/ro\/wp-json\/wp\/v2\/comments?post=114309"}],"version-history":[{"count":0,"href":"https:\/\/hadnews.com\/ro\/wp-json\/wp\/v2\/posts\/114309\/revisions"}],"wp:featuredmedia":[{"embeddable":true,"href":"https:\/\/hadnews.com\/ro\/wp-json\/wp\/v2\/media\/114310"}],"wp:attachment":[{"href":"https:\/\/hadnews.com\/ro\/wp-json\/wp\/v2\/media?parent=114309"}],"wp:term":[{"taxonomy":"category","embeddable":true,"href":"https:\/\/hadnews.com\/ro\/wp-json\/wp\/v2\/categories?post=114309"},{"taxonomy":"post_tag","embeddable":true,"href":"https:\/\/hadnews.com\/ro\/wp-json\/wp\/v2\/tags?post=114309"}],"curies":[{"name":"wp","href":"https:\/\/api.w.org\/{rel}","templated":true}]}}