{"id":114331,"date":"2025-02-08T19:00:07","date_gmt":"2025-02-08T17:00:07","guid":{"rendered":"https:\/\/hadnews.com\/ro\/journal-of-the-week-edition-of-08-02-2025\/"},"modified":"2025-02-08T19:00:07","modified_gmt":"2025-02-08T17:00:07","slug":"journal-of-the-week-edition-of-08-02-2025","status":"publish","type":"post","link":"https:\/\/hadnews.com\/ro\/journal-of-the-week-edition-of-08-02-2025\/","title":{"rendered":"Journal of the Week, Edition of 08.02.2025"},"content":{"rendered":"<p>Jurnalul S\u0103pt\u0103m\u00e2nii este emisiunea care v\u0103 \u021bine la curent cu cele mai importante evenimente din ultimele zile. Edi\u021bia din 08.02.2025 aduce \u00een prim plan subiecte precum criza economic\u0103 global\u0103, situa\u021bia conflictului din Orientul Mijlociu sau evolu\u021bia pandemiei de COVID-19.<\/p>\n<p>\u00cen cadrul emisiunii, ve\u021bi putea afla ultimele informa\u021bii despre deciziile politice importante luate pe plan interna\u021bional \u0219i na\u021bional, precum \u0219i despre progresele \u00eenregistrate \u00een diverse domenii ale societ\u0103\u021bii. Dezbaterea \u0219i analiza speciali\u0219tilor invite v\u0103 vor oferi o perspectiv\u0103 ampl\u0103 asupra celor mai fierbin\u021bi subiecte ale s\u0103pt\u0103m\u00e2nii.<\/p>\n<p>Nu rata\u021bi Jurnalul S\u0103pt\u0103m\u00e2nii, edi\u021bia din 08.02.2025, pentru a fi mereu la curent cu ultimele \u0219tiri \u0219i evenimente care conteaz\u0103 \u00een lumea contemporan\u0103!<\/p>\n<p><\/p>\n<div class=\"video-container\">\n    <iframe class=\"video\" src=\"https:\/\/www.youtube.com\/embed\/pKT77nRO9fo\" allowfullscreen><\/iframe>\n<\/div>\n<p><i>Video &#8220;Jurnalul S\u0103pt\u0103m\u00e2nii, edi\u021bia din 08.02.2025\u201d a fost \u00eenc\u0103rcat pe 08\/02\/2025 pe canalul YouTube <a href=\"https:\/\/www.youtube.com\/channel\/UCJYCClZe1UppC6q3XJ4Mp2A\" target=\"_blank\"> Jurnal TV <\/a><\/i><\/p>\n","protected":false},"excerpt":{"rendered":"<p>Jurnalul S\u0103pt\u0103m\u00e2nii este emisiunea care v\u0103 \u021bine la curent cu cele mai importante evenimente din ultimele zile. Edi\u021bia din 08.02.2025 aduce \u00een prim plan subiecte precum criza economic\u0103 global\u0103, situa\u021bia conflictului din Orientul Mijlociu sau evolu\u021bia pandemiei&#8230;<\/p>\n","protected":false},"author":85,"featured_media":114332,"comment_status":"","ping_status":"open","sticky":false,"template":"","format":"standard","meta":{"footnotes":""},"categories":[8158],"tags":[93779,66219,58806,92783],"class_list":{"0":"post-114331","1":"post","2":"type-post","3":"status-publish","4":"format-standard","5":"has-post-thumbnail","7":"category-stiri","8":"tag-08-02-2025","9":"tag-editie","10":"tag-jurnal","11":"tag-saptamanii"},"_links":{"self":[{"href":"https:\/\/hadnews.com\/ro\/wp-json\/wp\/v2\/posts\/114331","targetHints":{"allow":["GET"]}}],"collection":[{"href":"https:\/\/hadnews.com\/ro\/wp-json\/wp\/v2\/posts"}],"about":[{"href":"https:\/\/hadnews.com\/ro\/wp-json\/wp\/v2\/types\/post"}],"author":[{"embeddable":true,"href":"https:\/\/hadnews.com\/ro\/wp-json\/wp\/v2\/users\/85"}],"replies":[{"embeddable":true,"href":"https:\/\/hadnews.com\/ro\/wp-json\/wp\/v2\/comments?post=114331"}],"version-history":[{"count":0,"href":"https:\/\/hadnews.com\/ro\/wp-json\/wp\/v2\/posts\/114331\/revisions"}],"wp:featuredmedia":[{"embeddable":true,"href":"https:\/\/hadnews.com\/ro\/wp-json\/wp\/v2\/media\/114332"}],"wp:attachment":[{"href":"https:\/\/hadnews.com\/ro\/wp-json\/wp\/v2\/media?parent=114331"}],"wp:term":[{"taxonomy":"category","embeddable":true,"href":"https:\/\/hadnews.com\/ro\/wp-json\/wp\/v2\/categories?post=114331"},{"taxonomy":"post_tag","embeddable":true,"href":"https:\/\/hadnews.com\/ro\/wp-json\/wp\/v2\/tags?post=114331"}],"curies":[{"name":"wp","href":"https:\/\/api.w.org\/{rel}","templated":true}]}}