{"id":114652,"date":"2025-02-10T17:08:08","date_gmt":"2025-02-10T15:08:08","guid":{"rendered":"https:\/\/hadnews.com\/ro\/protest-in-victoriei-square-following-klaus-iohannis-resignation\/"},"modified":"2025-02-10T17:08:08","modified_gmt":"2025-02-10T15:08:08","slug":"protest-in-victoriei-square-following-klaus-iohannis-resignation","status":"publish","type":"post","link":"https:\/\/hadnews.com\/ro\/protest-in-victoriei-square-following-klaus-iohannis-resignation\/","title":{"rendered":"Protest in Victoriei Square following Klaus Iohannis&#8217; resignation"},"content":{"rendered":"<p>Sute de manifestan\u021bi s-au adunat \u00een Pia\u021ba Victoriei \u00een aceast\u0103 dup\u0103 amiaz\u0103 pentru a-\u0219i exprima nemul\u021bumirea dup\u0103 anun\u021bul demisiei lui Klaus Iohannis. Protestatarii au \u00eencercat s\u0103 for\u021beze barajele instaurate de jandarmi, pun\u00e2nd astfel la \u00eencercare for\u021bele de ordine prezente \u00een zon\u0103.<\/p>\n<p>Evenimentele din Pia\u021ba Victoriei au captat aten\u021bia publicului \u0219i au st\u00e2rnit dezbateri aprinse \u00een spa\u021biul public dup\u0103 ce Klaus Iohannis a anun\u021bat decizia sa de a demisiona. Protestul a adunat o mul\u021bime de oameni, care au strigat lozinci \u00eempotriva clasei politice \u0219i au cerut schimb\u0103ri imediate \u00een societatea rom\u00e2neasc\u0103.<\/p>\n<p>Autorit\u0103\u021bile au intervenit pentru a calma spiritele \u0219i a men\u021bine ordinea public\u0103, \u00eens\u0103 tensiunile au r\u0103mas ridicate pe tot parcursul protestului. Situa\u021bia a fost monitorizat\u0103 atent de c\u0103tre poli\u021bie \u0219i jandarmerie pentru a evita escaladarea violen\u021belor.<\/p>\n<p>\u00cen acest context, protestul din Pia\u021ba Victoriei a devenit punctul central al discu\u021biilor politice \u0219i sociale \u00een Rom\u00e2nia. Evenimentul este \u00een continuare \u00een desf\u0103\u0219urare, iar cet\u0103\u021benii \u00ee\u0219i exprim\u0103 nemul\u021bumirea fa\u021b\u0103 de deciziile politice \u00eentr-un mod pa\u0219nic \u0219i responsabil.<\/p>\n<p><\/p>\n<div class=\"video-container\">\n    <iframe class=\"video\" src=\"https:\/\/www.youtube.com\/embed\/24Dlm8Lp39Q\" allowfullscreen><\/iframe>\n<\/div>\n<p><i>Video &#8220;Protest \u00een Pia\u021ba Victoriei, dup\u0103 demisia lui Klaus Iohannis\u201d a fost \u00eenc\u0103rcat pe 10\/02\/2025 pe canalul YouTube <a href=\"https:\/\/www.youtube.com\/channel\/UCbATDExtWstHnwWELZnXNZA\" target=\"_blank\"> Euronews Romania <\/a><\/i><\/p>\n","protected":false},"excerpt":{"rendered":"<p>Sute de manifestan\u021bi s-au adunat \u00een Pia\u021ba Victoriei \u00een aceast\u0103 dup\u0103 amiaz\u0103 pentru a-\u0219i exprima nemul\u021bumirea dup\u0103 anun\u021bul demisiei lui Klaus Iohannis. Protestatarii au \u00eencercat s\u0103 for\u021beze barajele instaurate de jandarmi, pun\u00e2nd astfel la \u00eencercare for\u021bele de&#8230;<\/p>\n","protected":false},"author":84,"featured_media":114653,"comment_status":"","ping_status":"open","sticky":false,"template":"","format":"standard","meta":{"footnotes":""},"categories":[8158],"tags":[59812,85583,93963,93962,7936],"class_list":{"0":"post-114652","1":"post","2":"type-post","3":"status-publish","4":"format-standard","5":"has-post-thumbnail","7":"category-stiri","8":"tag-jandarmi","9":"tag-klaus-iohannis","10":"tag-manifestanti","11":"tag-piata-victoriei","12":"tag-protest"},"_links":{"self":[{"href":"https:\/\/hadnews.com\/ro\/wp-json\/wp\/v2\/posts\/114652","targetHints":{"allow":["GET"]}}],"collection":[{"href":"https:\/\/hadnews.com\/ro\/wp-json\/wp\/v2\/posts"}],"about":[{"href":"https:\/\/hadnews.com\/ro\/wp-json\/wp\/v2\/types\/post"}],"author":[{"embeddable":true,"href":"https:\/\/hadnews.com\/ro\/wp-json\/wp\/v2\/users\/84"}],"replies":[{"embeddable":true,"href":"https:\/\/hadnews.com\/ro\/wp-json\/wp\/v2\/comments?post=114652"}],"version-history":[{"count":0,"href":"https:\/\/hadnews.com\/ro\/wp-json\/wp\/v2\/posts\/114652\/revisions"}],"wp:featuredmedia":[{"embeddable":true,"href":"https:\/\/hadnews.com\/ro\/wp-json\/wp\/v2\/media\/114653"}],"wp:attachment":[{"href":"https:\/\/hadnews.com\/ro\/wp-json\/wp\/v2\/media?parent=114652"}],"wp:term":[{"taxonomy":"category","embeddable":true,"href":"https:\/\/hadnews.com\/ro\/wp-json\/wp\/v2\/categories?post=114652"},{"taxonomy":"post_tag","embeddable":true,"href":"https:\/\/hadnews.com\/ro\/wp-json\/wp\/v2\/tags?post=114652"}],"curies":[{"name":"wp","href":"https:\/\/api.w.org\/{rel}","templated":true}]}}