{"id":114838,"date":"2025-02-11T10:00:09","date_gmt":"2025-02-11T08:00:09","guid":{"rendered":"https:\/\/hadnews.com\/ro\/etno-moldova-house-for-everyone\/"},"modified":"2025-02-11T10:00:09","modified_gmt":"2025-02-11T08:00:09","slug":"etno-moldova-house-for-everyone","status":"publish","type":"post","link":"https:\/\/hadnews.com\/ro\/etno-moldova-house-for-everyone\/","title":{"rendered":"ETNO-MOLDOVA. House for everyone"},"content":{"rendered":"<p>Prietenii no\u0219tri, ne preg\u0103tim s\u0103 \u00eencheiem al doilea sezon al proiectului nostru dedicat diversit\u0103\u021bii culturale din Moldova! \u00cen acest episod, ne \u00eendrept\u0103m din nou spre lumea tradi\u021biilor vibrante, pove\u0219tilor inspira\u021bionale \u0219i \u00eent\u00e2lnirilor unice.<\/p>\n<p>\u25aa\ufe0f Cum percep str\u0103inii Moldova?<br \/>\n\u25aa\ufe0f Ce atrage oaspe\u021bii no\u0219tri \u00een tradi\u021biile moldovene\u0219ti?<br \/>\n\u25aa\ufe0f Ce evenimente interesante interetnice au avut loc \u00een \u021bar\u0103?<\/p>\n<p>\ud83d\udca1 \u00cen acest episod:<br \/>\n\u2705 Celebrarea Zilei Independen\u021bei Ucrainei \u00een Moldova \ud83c\uddfa\ud83c\udde6<br \/>\n\u2705 Festivalul culturii \u0219i ceaiului turcesc \u00een Chi\u0219in\u0103u \ud83c\udf75<br \/>\n\u2705 Povestea unuia dintre cei mai buni barmani din Moldova \u2615<br \/>\n\u2705 \u00cent\u00e2lnirea cu \u0219ansonierul evreu Viaceslav Farber \ud83c\udfb6<br \/>\n\u2705 Via\u021ba \u0219i dansurile \u00een clubul multietnic &#8220;Codrianka&#8221; \ud83d\udc83<br \/>\n\u2705 Povestea de succes a unei femei de afaceri cu r\u0103d\u0103cini georgiene \ud83d\udc69\u200d\ud83d\udcbc<br \/>\n\u2705 O nunt\u0103 romantic\u0103 \u00een stil na\u021bional \u00eentre o moldoveanc\u0103 \u0219i un francez \ud83d\udc8d<\/p>\n<p>\u2728 Moldova &#8211; \u021bara care une\u0219te popoarele! Ne m\u00e2ndrim cu tradi\u021biile noastre \u0219i cu oamenii care le transmit genera\u021biilor viitoare. Mul\u021bumim c\u0103 a\u021bi fost al\u0103turi de noi \u00een acest sezon!<\/p>\n<p>Proiectul este realizat de BAStv \u00een parteneriat cu Jurnal TV cu sprijinul funda\u021biei IREX \u0219i a Ambasadei SUA \u00een Moldova.<\/p>\n<p><\/p>\n<div class=\"video-container\">\n    <iframe class=\"video\" src=\"https:\/\/www.youtube.com\/embed\/BFW6JRCoes4\" allowfullscreen><\/iframe>\n<\/div>\n<p><i>Video &#8220;ETNO-MOLDOVA. \u0414\u043e\u043c \u0434\u043b\u044f \u0432\u0441\u0435\u0445\u201d a fost \u00eenc\u0103rcat pe 11\/02\/2025 pe canalul YouTube <a href=\"https:\/\/www.youtube.com\/channel\/UCJYCClZe1UppC6q3XJ4Mp2A\" target=\"_blank\"> Jurnal TV <\/a><\/i><\/p>\n","protected":false},"excerpt":{"rendered":"<p>Prietenii no\u0219tri, ne preg\u0103tim s\u0103 \u00eencheiem al doilea sezon al proiectului nostru dedicat diversit\u0103\u021bii culturale din Moldova! \u00cen acest episod, ne \u00eendrept\u0103m din nou spre lumea tradi\u021biilor vibrante, pove\u0219tilor inspira\u021bionale \u0219i \u00eent\u00e2lnirilor unice. \u25aa\ufe0f Cum percep&#8230;<\/p>\n","protected":false},"author":85,"featured_media":114839,"comment_status":"","ping_status":"open","sticky":false,"template":"","format":"standard","meta":{"footnotes":""},"categories":[8158],"tags":[94064,94063,59356,94065,83223],"class_list":{"0":"post-114838","1":"post","2":"type-post","3":"status-publish","4":"format-standard","5":"has-post-thumbnail","7":"category-stiri","8":"tag-94064","9":"tag-94063","10":"tag-59356","11":"tag-94065","12":"tag-83223"},"_links":{"self":[{"href":"https:\/\/hadnews.com\/ro\/wp-json\/wp\/v2\/posts\/114838","targetHints":{"allow":["GET"]}}],"collection":[{"href":"https:\/\/hadnews.com\/ro\/wp-json\/wp\/v2\/posts"}],"about":[{"href":"https:\/\/hadnews.com\/ro\/wp-json\/wp\/v2\/types\/post"}],"author":[{"embeddable":true,"href":"https:\/\/hadnews.com\/ro\/wp-json\/wp\/v2\/users\/85"}],"replies":[{"embeddable":true,"href":"https:\/\/hadnews.com\/ro\/wp-json\/wp\/v2\/comments?post=114838"}],"version-history":[{"count":0,"href":"https:\/\/hadnews.com\/ro\/wp-json\/wp\/v2\/posts\/114838\/revisions"}],"wp:featuredmedia":[{"embeddable":true,"href":"https:\/\/hadnews.com\/ro\/wp-json\/wp\/v2\/media\/114839"}],"wp:attachment":[{"href":"https:\/\/hadnews.com\/ro\/wp-json\/wp\/v2\/media?parent=114838"}],"wp:term":[{"taxonomy":"category","embeddable":true,"href":"https:\/\/hadnews.com\/ro\/wp-json\/wp\/v2\/categories?post=114838"},{"taxonomy":"post_tag","embeddable":true,"href":"https:\/\/hadnews.com\/ro\/wp-json\/wp\/v2\/tags?post=114838"}],"curies":[{"name":"wp","href":"https:\/\/api.w.org\/{rel}","templated":true}]}}