{"id":117737,"date":"2025-02-24T17:09:08","date_gmt":"2025-02-24T15:09:08","guid":{"rendered":"https:\/\/hadnews.com\/ro\/objectives-priority-plan-february-24-2025\/"},"modified":"2025-02-24T17:09:08","modified_gmt":"2025-02-24T15:09:08","slug":"objectives-priority-plan-february-24-2025","status":"publish","type":"post","link":"https:\/\/hadnews.com\/ro\/objectives-priority-plan-february-24-2025\/","title":{"rendered":"Objectives Priority Plan &#8211; February 24, 2025"},"content":{"rendered":"<p>\u00cen episodul de ast\u0103zi al emisiunii &#8220;Prim Plan Obiectiv&#8221;, difuzat pe data de 24 februarie 2025, am explorat subiecte de actualitate din diverse domenii ale vie\u021bii sociale \u0219i politice. <\/p>\n<p>\u00cen primul reportaj, am discutat despre progresele \u00eenregistrate \u00een domeniul educa\u021biei \u0219i investi\u021biile realizate pentru modernizarea infrastructurii \u0219colare. Reporterii no\u0219tri au vizitat mai multe \u0219coli din \u021bar\u0103 pentru a afla cum sunt afecta\u021bi elevii \u0219i cadrele didactice de noile politicile implementate de Ministerul Educa\u021biei.<\/p>\n<p>\u00cen alt\u0103 ordine de idei, am analizat situa\u021bia economic\u0103 a \u021b\u0103rii \u0219i impactul pe care deciziile guvernamentale \u00eel au asupra pie\u021bei muncii \u0219i a mediului de afaceri. Speciali\u0219tii intervievati au explicat mecanismele care stau la baza cre\u0219terii economice \u0219i au identificat principalele provoc\u0103ri cu care se confrunt\u0103 sectorul privat \u00een contextul actual.<\/p>\n<p>Ultima parte a emisiunii a fost dedicat\u0103 unui interviu exclusiv cu un reprezentant al societ\u0103\u021bii civile care a vorbit despre activismul civic \u0219i implicarea cet\u0103\u021benilor \u00een procesele decizionale. Discu\u021biile s-au axat pe importan\u021ba colabor\u0103rii dintre autorit\u0103\u021bi \u0219i cet\u0103\u021beni pentru a asigura un mediu democraric \u0219i transparent \u00een societate.<\/p>\n<p>\u00cen urma acestor investiga\u021bii, am reu\u0219it s\u0103 oferim telespectatorilor o panoram\u0103 complet\u0103 a problemelor \u0219i oportunit\u0103\u021bilor cu care se confrunt\u0103 Rom\u00e2nia \u00een prezent, subliniind necesitatea unui dialog constant \u00eentre toate p\u0103r\u021bile implicate pentru a asigura o dezvoltare echilibrat\u0103 \u0219i durabil\u0103 a \u021b\u0103rii.<\/p>\n<p><\/p>\n<div class=\"video-container\">\n    <iframe class=\"video\" src=\"https:\/\/www.youtube.com\/embed\/W51-6c9EjXo\" allowfullscreen><\/iframe>\n<\/div>\n<p><i>Video &#8220;Prim Plan Obiectiv &#8211; 24.02.2025\u201d a fost \u00eenc\u0103rcat pe 24\/02\/2025 pe canalul YouTube <a href=\"https:\/\/www.youtube.com\/channel\/UCr0bjXDk71i5-47jNml1zEw\" target=\"_blank\"> TVR Craiova <\/a><\/i><\/p>\n","protected":false},"excerpt":{"rendered":"<p>\u00cen episodul de ast\u0103zi al emisiunii &#8220;Prim Plan Obiectiv&#8221;, difuzat pe data de 24 februarie 2025, am explorat subiecte de actualitate din diverse domenii ale vie\u021bii sociale \u0219i politice. \u00cen primul reportaj, am discutat despre progresele \u00eenregistrate \u00een&#8230;<\/p>\n","protected":false},"author":87,"featured_media":117738,"comment_status":"","ping_status":"open","sticky":false,"template":"","format":"standard","meta":{"footnotes":""},"categories":[8158],"tags":[95896,58814,75812,88954,75810,67841],"class_list":{"0":"post-117737","1":"post","2":"type-post","3":"status-publish","4":"format-standard","5":"has-post-thumbnail","7":"category-stiri","8":"tag-24-february-2025","9":"tag-craiova","10":"tag-goals","11":"tag-planning","12":"tag-prim-plan-obiectiv","13":"tag-strategy"},"_links":{"self":[{"href":"https:\/\/hadnews.com\/ro\/wp-json\/wp\/v2\/posts\/117737","targetHints":{"allow":["GET"]}}],"collection":[{"href":"https:\/\/hadnews.com\/ro\/wp-json\/wp\/v2\/posts"}],"about":[{"href":"https:\/\/hadnews.com\/ro\/wp-json\/wp\/v2\/types\/post"}],"author":[{"embeddable":true,"href":"https:\/\/hadnews.com\/ro\/wp-json\/wp\/v2\/users\/87"}],"replies":[{"embeddable":true,"href":"https:\/\/hadnews.com\/ro\/wp-json\/wp\/v2\/comments?post=117737"}],"version-history":[{"count":0,"href":"https:\/\/hadnews.com\/ro\/wp-json\/wp\/v2\/posts\/117737\/revisions"}],"wp:featuredmedia":[{"embeddable":true,"href":"https:\/\/hadnews.com\/ro\/wp-json\/wp\/v2\/media\/117738"}],"wp:attachment":[{"href":"https:\/\/hadnews.com\/ro\/wp-json\/wp\/v2\/media?parent=117737"}],"wp:term":[{"taxonomy":"category","embeddable":true,"href":"https:\/\/hadnews.com\/ro\/wp-json\/wp\/v2\/categories?post=117737"},{"taxonomy":"post_tag","embeddable":true,"href":"https:\/\/hadnews.com\/ro\/wp-json\/wp\/v2\/tags?post=117737"}],"curies":[{"name":"wp","href":"https:\/\/api.w.org\/{rel}","templated":true}]}}