{"id":117851,"date":"2025-02-25T07:14:10","date_gmt":"2025-02-25T05:14:10","guid":{"rendered":"https:\/\/hadnews.com\/ro\/zelenski-nu-percepe-ajutorul-primit-de-la-sua-ca-pe-o-datorie\/"},"modified":"2025-02-25T07:14:10","modified_gmt":"2025-02-25T05:14:10","slug":"zelenski-nu-percepe-ajutorul-primit-de-la-sua-ca-pe-o-datorie","status":"publish","type":"post","link":"https:\/\/hadnews.com\/ro\/zelenski-nu-percepe-ajutorul-primit-de-la-sua-ca-pe-o-datorie\/","title":{"rendered":"Zelenski nu percepe ajutorul primit de la SUA ca pe o datorie"},"content":{"rendered":"<p>Pre\u0219edintele Ucrainei, Volodimir Zelenski, a declarat c\u0103 nu consider\u0103 ajutorul primit de la Statele Unite ca pe o datorie pe care \u021bara sa va trebui s\u0103 o returneze. Acesta a explicat c\u0103 nu a acceptat un proiect de acord de pace deoarece nu includea garan\u021bii de securitate pentru Ucraina.<\/p>\n<p>Declara\u021bia a fost f\u0103cut\u0103 la Forumul Ucraina 2025, organizat cu o zi \u00eenainte de \u00eemplinirea a trei ani de la declan\u0219area invaziei ruse. Zelenski \u0219i al\u021bi oficiali ucraineni s-au \u00eent\u00e2lnit la aceast\u0103 important\u0103 reuniune pentru a discuta perspectivele politice \u0219i de securitate ale \u021b\u0103rii.<\/p>\n<p>Aceast\u0103 pozi\u021bie a pre\u0219edintelui ucrainean vine \u00een contextul unei tensionate rela\u021bii \u00eentre Ucraina \u0219i Rusia, av\u00e2nd \u00een vedere conflictul continuu din regiunea Donbas \u0219i anexarea ilegal\u0103 a Crimeei de c\u0103tre Rusia \u00een 2014.<\/p>\n<p>Urm\u0103rind evolu\u021biile politice \u0219i securitare din Ucraina putem recunoa\u0219te importan\u021ba dialogului \u0219i cooper\u0103rii interna\u021bionale pentru men\u021binerea p\u0103cii \u0219i securit\u0103\u021bii \u00een aceast\u0103 regiune \u00een continu\u0103 schimbare.<\/p>\n<p><\/p>\n<div class=\"video-container\">\n    <iframe class=\"video\" src=\"https:\/\/www.youtube.com\/embed\/L7nE62L3iXg\" allowfullscreen><\/iframe>\n<\/div>\n<p><i>Video &#8220;Zelenski nu consider\u0103 ajutorul primit de SUA o datorie\u201d a fost \u00eenc\u0103rcat pe 24\/02\/2025 pe canalul YouTube <a href=\"https:\/\/www.youtube.com\/channel\/UCbATDExtWstHnwWELZnXNZA\" target=\"_blank\"> Euronews Romania <\/a><\/i><\/p>\n","protected":false},"excerpt":{"rendered":"<p>Pre\u0219edintele Ucrainei, Volodimir Zelenski, a declarat c\u0103 nu consider\u0103 ajutorul primit de la Statele Unite ca pe o datorie pe care \u021bara sa va trebui s\u0103 o returneze. Acesta a explicat c\u0103 nu a acceptat un proiect de acord de pace deoarece nu includea garan\u021bii de&#8230;<\/p>\n","protected":false},"author":84,"featured_media":117852,"comment_status":"","ping_status":"open","sticky":false,"template":"","format":"standard","meta":{"footnotes":""},"categories":[8158],"tags":[68027,60036,2468,95615,61897],"class_list":{"0":"post-117851","1":"post","2":"type-post","3":"status-publish","4":"format-standard","5":"has-post-thumbnail","7":"category-stiri","8":"tag-forum","9":"tag-securitate","10":"tag-sua","11":"tag-ucraine","12":"tag-zelenski"},"_links":{"self":[{"href":"https:\/\/hadnews.com\/ro\/wp-json\/wp\/v2\/posts\/117851","targetHints":{"allow":["GET"]}}],"collection":[{"href":"https:\/\/hadnews.com\/ro\/wp-json\/wp\/v2\/posts"}],"about":[{"href":"https:\/\/hadnews.com\/ro\/wp-json\/wp\/v2\/types\/post"}],"author":[{"embeddable":true,"href":"https:\/\/hadnews.com\/ro\/wp-json\/wp\/v2\/users\/84"}],"replies":[{"embeddable":true,"href":"https:\/\/hadnews.com\/ro\/wp-json\/wp\/v2\/comments?post=117851"}],"version-history":[{"count":0,"href":"https:\/\/hadnews.com\/ro\/wp-json\/wp\/v2\/posts\/117851\/revisions"}],"wp:featuredmedia":[{"embeddable":true,"href":"https:\/\/hadnews.com\/ro\/wp-json\/wp\/v2\/media\/117852"}],"wp:attachment":[{"href":"https:\/\/hadnews.com\/ro\/wp-json\/wp\/v2\/media?parent=117851"}],"wp:term":[{"taxonomy":"category","embeddable":true,"href":"https:\/\/hadnews.com\/ro\/wp-json\/wp\/v2\/categories?post=117851"},{"taxonomy":"post_tag","embeddable":true,"href":"https:\/\/hadnews.com\/ro\/wp-json\/wp\/v2\/tags?post=117851"}],"curies":[{"name":"wp","href":"https:\/\/api.w.org\/{rel}","templated":true}]}}