{"id":119184,"date":"2025-03-03T11:14:12","date_gmt":"2025-03-03T09:14:12","guid":{"rendered":"https:\/\/hadnews.com\/ro\/about-you-effective-communication\/"},"modified":"2025-03-03T11:14:12","modified_gmt":"2025-03-03T09:14:12","slug":"about-you-effective-communication","status":"publish","type":"post","link":"https:\/\/hadnews.com\/ro\/about-you-effective-communication\/","title":{"rendered":"About You &#8211; Effective Communication"},"content":{"rendered":"<p>\u00cen emisiunea \u201eDespre tine\u201d, moderat\u0103 de Andrada Cojocaru, s-a discutat despre importan\u021ba comunic\u0103rii eficiente \u0219i cum putem dep\u0103\u0219i obstacolele care ne \u00eempiedic\u0103 s\u0103 avem rela\u021bii valoroase. <\/p>\n<p>Comunicarea este esen\u021bial\u0103 \u00een via\u021ba noastr\u0103 de zi cu zi, deoarece ne ajut\u0103 s\u0103 ne facem \u00een\u021bele\u0219i \u0219i s\u0103 ne transmitem g\u00e2ndurile \u0219i sentimentele celor din jur. Fiecare persoan\u0103 are un anumit stil de comunicare, iar este important s\u0103 ne adapt\u0103m acestuia pentru a putea avea interac\u021biuni constructive.<\/p>\n<p>\u00cen emisiune, realizatoarea Anca Dindiric\u0103 a abordat diverse aspecte legate de comunicare \u0219i cum putem dezvolta abilit\u0103\u021bi pentru a ne face auzi\u021bi \u0219i \u00een\u021bele\u0219i. De la vorbirea \u00een public p\u00e2n\u0103 la gestionarea conflictelor, subiectele discutate au fost extrem de relevante \u0219i utile pentru to\u021bi cei interesa\u021bi s\u0103 \u00ee\u0219i \u00eembun\u0103t\u0103\u021beasc\u0103 abilit\u0103\u021bile de comunicare.<\/p>\n<p>Astfel, \u201eDespre tine\u201d ofer\u0103 o platform\u0103 \u00een care speciali\u0219tii pot \u00eemp\u0103rt\u0103\u0219i sfaturi \u0219i experien\u021be legate de comunicare, pentru a ne ajuta s\u0103 devenim mai eficien\u021bi \u0219i mai \u00eencrez\u0103tori \u00een interac\u021biunile noastre de zi cu zi. A\u0219adar, nu rata\u021bi aceast\u0103 emisiune captivant\u0103 pentru a descoperi cum pute\u021bi comunica mai eficient \u0219i s\u0103 v\u0103 dezvolta\u021bi rela\u021biile personale \u0219i profesionale.<\/p>\n<p><\/p>\n<div class=\"video-container\">\n    <iframe class=\"video\" src=\"https:\/\/www.youtube.com\/embed\/YIdWuk_VpXA\" allowfullscreen><\/iframe>\n<\/div>\n<p><i>Video &#8220;Despre tine &#8211; comunicarea eficient\u0103\u201d a fost \u00eenc\u0103rcat pe 03\/03\/2025 pe canalul YouTube <a href=\"https:\/\/www.youtube.com\/channel\/UCr0bjXDk71i5-47jNml1zEw\" target=\"_blank\"> TVR Craiova <\/a><\/i><\/p>\n","protected":false},"excerpt":{"rendered":"<p>\u00cen emisiunea \u201eDespre tine\u201d, moderat\u0103 de Andrada Cojocaru, s-a discutat despre importan\u021ba comunic\u0103rii eficiente \u0219i cum putem dep\u0103\u0219i obstacolele care ne \u00eempiedic\u0103 s\u0103 avem rela\u021bii valoroase. Comunicarea este esen\u021bial\u0103 \u00een via\u021ba noastr\u0103 de zi cu zi, deoarece ne&#8230;<\/p>\n","protected":false},"author":87,"featured_media":119185,"comment_status":"","ping_status":"open","sticky":false,"template":"","format":"standard","meta":{"footnotes":""},"categories":[8158],"tags":[84226,58814,27964,86134,96799,87875],"class_list":{"0":"post-119184","1":"post","2":"type-post","3":"status-publish","4":"format-standard","5":"has-post-thumbnail","7":"category-stiri","8":"tag-comunicare","9":"tag-craiova","10":"tag-dezvoltare-personala","11":"tag-emisiune-tv","12":"tag-moderator","13":"tag-relatii"},"_links":{"self":[{"href":"https:\/\/hadnews.com\/ro\/wp-json\/wp\/v2\/posts\/119184","targetHints":{"allow":["GET"]}}],"collection":[{"href":"https:\/\/hadnews.com\/ro\/wp-json\/wp\/v2\/posts"}],"about":[{"href":"https:\/\/hadnews.com\/ro\/wp-json\/wp\/v2\/types\/post"}],"author":[{"embeddable":true,"href":"https:\/\/hadnews.com\/ro\/wp-json\/wp\/v2\/users\/87"}],"replies":[{"embeddable":true,"href":"https:\/\/hadnews.com\/ro\/wp-json\/wp\/v2\/comments?post=119184"}],"version-history":[{"count":0,"href":"https:\/\/hadnews.com\/ro\/wp-json\/wp\/v2\/posts\/119184\/revisions"}],"wp:featuredmedia":[{"embeddable":true,"href":"https:\/\/hadnews.com\/ro\/wp-json\/wp\/v2\/media\/119185"}],"wp:attachment":[{"href":"https:\/\/hadnews.com\/ro\/wp-json\/wp\/v2\/media?parent=119184"}],"wp:term":[{"taxonomy":"category","embeddable":true,"href":"https:\/\/hadnews.com\/ro\/wp-json\/wp\/v2\/categories?post=119184"},{"taxonomy":"post_tag","embeddable":true,"href":"https:\/\/hadnews.com\/ro\/wp-json\/wp\/v2\/tags?post=119184"}],"curies":[{"name":"wp","href":"https:\/\/api.w.org\/{rel}","templated":true}]}}