{"id":121197,"date":"2025-03-11T21:49:48","date_gmt":"2025-03-11T19:49:48","guid":{"rendered":"https:\/\/hadnews.com\/ro\/news-on-jurnal-tv-march-11-2025\/"},"modified":"2025-03-11T21:49:48","modified_gmt":"2025-03-11T19:49:48","slug":"news-on-jurnal-tv-march-11-2025","status":"publish","type":"post","link":"https:\/\/hadnews.com\/ro\/news-on-jurnal-tv-march-11-2025\/","title":{"rendered":"News on Jurnal TV, March 11, 2025"},"content":{"rendered":"<p>Ast\u0103zi, 11 martie 2025, emisiunea &#8220;\u041d\u043e\u0432\u043e\u0441\u0442\u0438 Jurnal TV&#8221; aduce \u00een aten\u021bia telespectatorilor cele mai importante \u0219tiri din Republica Moldova \u0219i din \u00eentreaga lume.<\/p>\n<p>\u00cen primul segment al emisiunii, vom discuta despre evolu\u021biile politice din \u021bar\u0103, inclusiv despre deciziile importante luate de Parlament \u0219i guvern \u00een ultimele zile. De asemenea, vom afla care sunt cele mai recente evenimente din lumea afacerilor \u0219i economiei, precum \u0219i despre impactul acestora asupra popula\u021biei.<\/p>\n<p>\u00cen al doilea segment, vom aborda subiecte legate de s\u0103n\u0103tate \u0219i educa\u021bie, prezent\u00e2nd informa\u021bii relevante despre ultimele descoperiri din domeniul medical \u0219i despre ultimele reforme din sistemul de \u00eenv\u0103\u021b\u0103m\u00e2nt.<\/p>\n<p>\u00cen finalul emisiunii, vom discuta despre evenimente culturale \u0219i sociale care au loc \u00een \u021bar\u0103 \u0219i \u00een str\u0103in\u0103tate, prezent\u00e2nd publicului cele mai interesante expozi\u021bii, festivaluri \u0219i spectacole.<\/p>\n<p>Nu rata\u021bi emisiunea &#8220;\u041d\u043e\u0432\u043e\u0441\u0442\u0438 Jurnal TV&#8221; de ast\u0103zi, pentru a fi la curent cu tot ce se \u00eent\u00e2mpl\u0103 \u00een Republica Moldova \u0219i \u00een lume!<\/p>\n<p><\/p>\n<div class=\"video-container\">\n    <iframe class=\"video\" src=\"https:\/\/www.youtube.com\/embed\/xdDjDBuAXjc\" allowfullscreen><\/iframe>\n<\/div>\n<p><i>Video &#8220;\u041d\u043e\u0432\u043e\u0441\u0442\u0438 Jurnal TV, 11.03.2025\u201d a fost \u00eenc\u0103rcat pe 11\/03\/2025 pe canalul YouTube <a href=\"https:\/\/www.youtube.com\/channel\/UCJYCClZe1UppC6q3XJ4Mp2A\" target=\"_blank\"> Jurnal TV <\/a><\/i><\/p>\n","protected":false},"excerpt":{"rendered":"<p>Ast\u0103zi, 11 martie 2025, emisiunea &#8220;\u041d\u043e\u0432\u043e\u0441\u0442\u0438 Jurnal TV&#8221; aduce \u00een aten\u021bia telespectatorilor cele mai importante \u0219tiri din Republica Moldova \u0219i din \u00eentreaga lume. \u00cen primul segment al emisiunii, vom discuta despre evolu\u021biile politice din \u021bar\u0103, inclusiv&#8230;<\/p>\n","protected":false},"author":85,"featured_media":121198,"comment_status":"","ping_status":"open","sticky":false,"template":"","format":"standard","meta":{"footnotes":""},"categories":[8158],"tags":[6171,12425,58798,13308,14815],"class_list":{"0":"post-121197","1":"post","2":"type-post","3":"status-publish","4":"format-standard","5":"has-post-thumbnail","7":"category-stiri","8":"tag-facebook","9":"tag-instagram","10":"tag-jurnal-tv","11":"tag-news","12":"tag-social-media"},"_links":{"self":[{"href":"https:\/\/hadnews.com\/ro\/wp-json\/wp\/v2\/posts\/121197","targetHints":{"allow":["GET"]}}],"collection":[{"href":"https:\/\/hadnews.com\/ro\/wp-json\/wp\/v2\/posts"}],"about":[{"href":"https:\/\/hadnews.com\/ro\/wp-json\/wp\/v2\/types\/post"}],"author":[{"embeddable":true,"href":"https:\/\/hadnews.com\/ro\/wp-json\/wp\/v2\/users\/85"}],"replies":[{"embeddable":true,"href":"https:\/\/hadnews.com\/ro\/wp-json\/wp\/v2\/comments?post=121197"}],"version-history":[{"count":0,"href":"https:\/\/hadnews.com\/ro\/wp-json\/wp\/v2\/posts\/121197\/revisions"}],"wp:featuredmedia":[{"embeddable":true,"href":"https:\/\/hadnews.com\/ro\/wp-json\/wp\/v2\/media\/121198"}],"wp:attachment":[{"href":"https:\/\/hadnews.com\/ro\/wp-json\/wp\/v2\/media?parent=121197"}],"wp:term":[{"taxonomy":"category","embeddable":true,"href":"https:\/\/hadnews.com\/ro\/wp-json\/wp\/v2\/categories?post=121197"},{"taxonomy":"post_tag","embeddable":true,"href":"https:\/\/hadnews.com\/ro\/wp-json\/wp\/v2\/tags?post=121197"}],"curies":[{"name":"wp","href":"https:\/\/api.w.org\/{rel}","templated":true}]}}