{"id":122085,"date":"2025-03-15T18:00:07","date_gmt":"2025-03-15T16:00:07","guid":{"rendered":"https:\/\/hadnews.com\/ro\/another-bessarabia-edition-of-15-03-2025\/"},"modified":"2025-03-15T18:00:07","modified_gmt":"2025-03-15T16:00:07","slug":"another-bessarabia-edition-of-15-03-2025","status":"publish","type":"post","link":"https:\/\/hadnews.com\/ro\/another-bessarabia-edition-of-15-03-2025\/","title":{"rendered":"Another Bessarabia, edition of 15.03.2025"},"content":{"rendered":"<p>&#8220;Cealalt\u0103 Basarabie&#8221; este un program special dedicat \u00een exclusivitate diasporei moldovene\u0219ti, unde sunt discutate pe larg subiectele de interes ale cet\u0103\u021benilor moldoveni emigra\u021bi \u00een str\u0103in\u0103tate. Emisiunea adreseaz\u0103 problemele cu care se confrunt\u0103 comunit\u0103\u021bile de moldoveni din \u00eentreaga lume, exponen\u021bi ai acestora \u0219i relateaz\u0103 \u00een acela\u0219i timp pove\u0219tile lor de succes.<\/p>\n<p>\u00cen edi\u021bia din 15 martie 2025, &#8220;Cealalt\u0103 Basarabie&#8221; a adus \u00een aten\u021bia publicului diversitatea aspectelor cu care se confrunt\u0103 moldovenii din afara grani\u021belor \u021b\u0103rii. De la dificult\u0103\u021bile legate de integrarea \u00een societ\u0103\u021bile gazd\u0103, la siguran\u021ba \u0219i bun\u0103starea lor, fiecare poveste \u0219i fiecare m\u0103rturie au fost prezentate cu sensibilitate \u0219i profesionalism.<\/p>\n<p>Emisiunea a reu\u0219it s\u0103 expun\u0103 nu doar provoc\u0103rile, ci \u0219i reu\u0219itele remarcabile ale diasporei moldovene\u0219ti, oferindu-le astfel un spa\u021biu important de recunoa\u0219tere \u0219i dezbateri constructive.<\/p>\n<p>&#8220;Cealalt\u0103 Basarabie&#8221; continu\u0103 s\u0103 fie un punct de reper esen\u021bial pentru moldovenii din str\u0103in\u0103tate, oferindu-le un loc de conectare \u0219i identificare cu \u021bara natal\u0103, indiferent de distan\u021ba geografic\u0103.<\/p>\n<p><\/p>\n<div class=\"video-container\">\n    <iframe class=\"video\" src=\"https:\/\/www.youtube.com\/embed\/0aIhNAaL03A\" allowfullscreen><\/iframe>\n<\/div>\n<p><i>Video &#8220;Cealalt\u0103 Basarabie, edi\u021bia din 15.03.2025\u201d a fost \u00eenc\u0103rcat pe 15\/03\/2025 pe canalul YouTube <a href=\"https:\/\/www.youtube.com\/channel\/UCJYCClZe1UppC6q3XJ4Mp2A\" target=\"_blank\"> Jurnal TV <\/a><\/i><\/p>\n","protected":false},"excerpt":{"rendered":"<p>&#8220;Cealalt\u0103 Basarabie&#8221; este un program special dedicat \u00een exclusivitate diasporei moldovene\u0219ti, unde sunt discutate pe larg subiectele de interes ale cet\u0103\u021benilor moldoveni emigra\u021bi \u00een str\u0103in\u0103tate. Emisiunea adreseaz\u0103 problemele cu care se confrunt\u0103&#8230;<\/p>\n","protected":false},"author":85,"featured_media":122086,"comment_status":"","ping_status":"open","sticky":false,"template":"","format":"standard","meta":{"footnotes":""},"categories":[8158],"tags":[60047,60048,60050,60049,89498],"class_list":{"0":"post-122085","1":"post","2":"type-post","3":"status-publish","4":"format-standard","5":"has-post-thumbnail","7":"category-stiri","8":"tag-cealalta-basarabie","9":"tag-diaspora","10":"tag-emigrati","11":"tag-interese-cetateni","12":"tag-program-special"},"_links":{"self":[{"href":"https:\/\/hadnews.com\/ro\/wp-json\/wp\/v2\/posts\/122085","targetHints":{"allow":["GET"]}}],"collection":[{"href":"https:\/\/hadnews.com\/ro\/wp-json\/wp\/v2\/posts"}],"about":[{"href":"https:\/\/hadnews.com\/ro\/wp-json\/wp\/v2\/types\/post"}],"author":[{"embeddable":true,"href":"https:\/\/hadnews.com\/ro\/wp-json\/wp\/v2\/users\/85"}],"replies":[{"embeddable":true,"href":"https:\/\/hadnews.com\/ro\/wp-json\/wp\/v2\/comments?post=122085"}],"version-history":[{"count":0,"href":"https:\/\/hadnews.com\/ro\/wp-json\/wp\/v2\/posts\/122085\/revisions"}],"wp:featuredmedia":[{"embeddable":true,"href":"https:\/\/hadnews.com\/ro\/wp-json\/wp\/v2\/media\/122086"}],"wp:attachment":[{"href":"https:\/\/hadnews.com\/ro\/wp-json\/wp\/v2\/media?parent=122085"}],"wp:term":[{"taxonomy":"category","embeddable":true,"href":"https:\/\/hadnews.com\/ro\/wp-json\/wp\/v2\/categories?post=122085"},{"taxonomy":"post_tag","embeddable":true,"href":"https:\/\/hadnews.com\/ro\/wp-json\/wp\/v2\/tags?post=122085"}],"curies":[{"name":"wp","href":"https:\/\/api.w.org\/{rel}","templated":true}]}}