{"id":123436,"date":"2025-03-21T20:32:11","date_gmt":"2025-03-21T18:32:11","guid":{"rendered":"https:\/\/hadnews.com\/ro\/interviu-cu-profesorul-anului-in-mediul-rural\/"},"modified":"2025-03-21T20:32:11","modified_gmt":"2025-03-21T18:32:11","slug":"interviu-cu-profesorul-anului-in-mediul-rural","status":"publish","type":"post","link":"https:\/\/hadnews.com\/ro\/interviu-cu-profesorul-anului-in-mediul-rural\/","title":{"rendered":"Interviu cu Profesorul Anului \u00een Mediul Rural"},"content":{"rendered":"<p>Recunoa\u0219terea muncii \u0219i implic\u0103rii cadrelor didactice din \u0219colile rurale a fost s\u0103rb\u0103torit\u0103 \u00een cadrul unei Gale organizat\u0103 de Funda\u021bia Teach for Romania, unde un profesor deosebit a primit titlul de Profesorul Anului \u00een Mediul Rural. Acesta este directorul \u0218colii Gimnaziale Malu Mare din Dolj, care a reu\u0219it s\u0103 aduc\u0103 \u00eempreun\u0103 p\u0103rin\u021bi, autorit\u0103\u021bi locale \u0219i reprezentan\u021bi ai mediului de afaceri pentru a dezvolta proiecte \u00een beneficiul elevilor \u0219i pentru a cre\u0219te calitatea educa\u021biei \u00een comunit\u0103\u021bile rurale \u00een care predau.<\/p>\n<p>Cheia succesului \u00een mediile vulnerabile vine din pasiunea \u0219i devotamentul pe care ace\u0219ti profesori le ofer\u0103 elevilor lor. Este impresionant s\u0103 vezi cum educa\u021bia de calitate poate schimba vie\u021bile copiilor din mediile defavorizate, iar acest profesor exemplar este un adev\u0103rat model \u00een comunitatea sa.<\/p>\n<p>Este important s\u0103 recunoa\u0219tem eforturile \u0219i rezultatele remarcabile ale acestor dasc\u0103li \u0219i s\u0103 \u00eei s\u0103rb\u0103torim pentru dedicarea lor \u00een educarea viitoarei genera\u021bii. Felicit\u0103ri profesorului Anului \u00een Mediul Rural \u0219i tuturor cadrelor didactice implicate \u00een dezvoltarea calit\u0103\u021bii educa\u021biei \u00een zonele rurale!<\/p>\n<p><\/p>\n<div class=\"video-container\">\n    <iframe class=\"video\" src=\"https:\/\/www.youtube.com\/embed\/3JALeFQ2LXE\" allowfullscreen><\/iframe>\n<\/div>\n<p><i>Video &#8220;INTERVIUL ZILEI- PROFESORUL ANULUI \u00ceN MEDIUL RURAL\u201d a fost \u00eenc\u0103rcat pe 21\/03\/2025 pe canalul YouTube <a href=\"https:\/\/www.youtube.com\/channel\/UCr0bjXDk71i5-47jNml1zEw\" target=\"_blank\"> TVR Craiova <\/a><\/i><\/p>\n","protected":false},"excerpt":{"rendered":"<p>Recunoa\u0219terea muncii \u0219i implic\u0103rii cadrelor didactice din \u0219colile rurale a fost s\u0103rb\u0103torit\u0103 \u00een cadrul unei Gale organizat\u0103 de Funda\u021bia Teach for Romania, unde un profesor deosebit a primit titlul de Profesorul Anului \u00een Mediul Rural. Acesta este directorul&#8230;<\/p>\n","protected":false},"author":87,"featured_media":123437,"comment_status":"","ping_status":"open","sticky":false,"template":"","format":"standard","meta":{"footnotes":""},"categories":[8158],"tags":[73665,58814,99210,97976,99208,99209],"class_list":{"0":"post-123436","1":"post","2":"type-post","3":"status-publish","4":"format-standard","5":"has-post-thumbnail","7":"category-stiri","8":"tag-cadre-didactice","9":"tag-craiova","10":"tag-educatie-calitativa","11":"tag-mediul-rural","12":"tag-profesorul-anului","13":"tag-reconoasterea-muncii"},"_links":{"self":[{"href":"https:\/\/hadnews.com\/ro\/wp-json\/wp\/v2\/posts\/123436","targetHints":{"allow":["GET"]}}],"collection":[{"href":"https:\/\/hadnews.com\/ro\/wp-json\/wp\/v2\/posts"}],"about":[{"href":"https:\/\/hadnews.com\/ro\/wp-json\/wp\/v2\/types\/post"}],"author":[{"embeddable":true,"href":"https:\/\/hadnews.com\/ro\/wp-json\/wp\/v2\/users\/87"}],"replies":[{"embeddable":true,"href":"https:\/\/hadnews.com\/ro\/wp-json\/wp\/v2\/comments?post=123436"}],"version-history":[{"count":0,"href":"https:\/\/hadnews.com\/ro\/wp-json\/wp\/v2\/posts\/123436\/revisions"}],"wp:featuredmedia":[{"embeddable":true,"href":"https:\/\/hadnews.com\/ro\/wp-json\/wp\/v2\/media\/123437"}],"wp:attachment":[{"href":"https:\/\/hadnews.com\/ro\/wp-json\/wp\/v2\/media?parent=123436"}],"wp:term":[{"taxonomy":"category","embeddable":true,"href":"https:\/\/hadnews.com\/ro\/wp-json\/wp\/v2\/categories?post=123436"},{"taxonomy":"post_tag","embeddable":true,"href":"https:\/\/hadnews.com\/ro\/wp-json\/wp\/v2\/tags?post=123436"}],"curies":[{"name":"wp","href":"https:\/\/api.w.org\/{rel}","templated":true}]}}