{"id":123776,"date":"2025-03-23T23:47:13","date_gmt":"2025-03-23T21:47:13","guid":{"rendered":"https:\/\/hadnews.com\/ro\/ferenike-de-doina-rusti-lansat-la-gaudeamus\/"},"modified":"2025-03-23T23:47:13","modified_gmt":"2025-03-23T21:47:13","slug":"ferenike-de-doina-rusti-lansat-la-gaudeamus","status":"publish","type":"post","link":"https:\/\/hadnews.com\/ro\/ferenike-de-doina-rusti-lansat-la-gaudeamus\/","title":{"rendered":"&#8220;Ferenike&#8221; de Doina Ru\u0219ti, lansat la Gaudeamus"},"content":{"rendered":"<p>&#8220;Autorul \u0219i jurnalistul Doina Ru\u0219ti ne invit\u0103 \u00eentr-o c\u0103l\u0103torie fascinant\u0103 prin romanul s\u0103u, intitulat &#8220;Ferenike&#8221;, lansat recent la T\u00e2rgul de Carte Gaudeamus din Craiova. Aceast\u0103 nou\u0103 carte este primul roman autobiografic al scriitoarei \u0219i aduce \u00een prim plan o poveste dintr-un timp subiectiv, \u00eembog\u0103\u021bit\u0103 cu rezonan\u021be mitologice.<\/p>\n<p>Ferenike este parte a unui proiect literar ce va cuprinde patru volume, fiecare urm\u0103rind traseul vie\u021bii Doinei Ru\u0219ti. Este o incursiune \u00een universul personal al autoarei, unde trecutul se \u00eentrep\u0103trunde cu prezentul \u0219i se \u00eemplete\u0219te \u00eentr-o poveste captivant\u0103.<\/p>\n<p>Cu o abordare original\u0103 \u0219i profund\u0103, Doinea Ru\u0219ti ne ofer\u0103 o lectur\u0103 plin\u0103 de emo\u021bie \u0219i sensibilitate, care ne poart\u0103 \u00eentr-o c\u0103l\u0103torie interioar\u0103 ce ne va sensibiliza \u0219i ne va captiveza. &#8220;Ferenike&#8221; este o carte ce va aduce mult\u0103 satisfac\u021bie fanilor literaturii \u0219i va c\u00e2\u0219tiga cu siguran\u021b\u0103 admira\u021bia cititorilor.&#8221;<\/p>\n<p>Nota: Acest articol este un descriere pentru un video intitulat &#8220;FERENIKE&#8221;, ROMANUL DOINEI RU\u0218TI, LANSAT LA GAUDEAMUS \u0219i se bazeaz\u0103 pe descrierea youtube-ul respectiv.<\/p>\n<p><\/p>\n<div class=\"video-container\">\n    <iframe class=\"video\" src=\"https:\/\/www.youtube.com\/embed\/dBY-3Me6gAc\" allowfullscreen><\/iframe>\n<\/div>\n<p><i>Video &#8220;\u201cFERENIKE\u201d, ROMANUL DOINEI RU\u0218TI, LANSAT LA GAUDEAMUS\u201d a fost \u00eenc\u0103rcat pe 23\/03\/2025 pe canalul YouTube <a href=\"https:\/\/www.youtube.com\/channel\/UCr0bjXDk71i5-47jNml1zEw\" target=\"_blank\"> TVR Craiova <\/a><\/i><\/p>\n","protected":false},"excerpt":{"rendered":"<p>&#8220;Autorul \u0219i jurnalistul Doina Ru\u0219ti ne invit\u0103 \u00eentr-o c\u0103l\u0103torie fascinant\u0103 prin romanul s\u0103u, intitulat &#8220;Ferenike&#8221;, lansat recent la T\u00e2rgul de Carte Gaudeamus din Craiova. Aceast\u0103 nou\u0103 carte este primul roman autobiografic al scriitoarei \u0219i&#8230;<\/p>\n","protected":false},"author":87,"featured_media":123777,"comment_status":"","ping_status":"open","sticky":false,"template":"","format":"standard","meta":{"footnotes":""},"categories":[8158],"tags":[86165,58814,99408,99410,99409,63311],"class_list":{"0":"post-123776","1":"post","2":"type-post","3":"status-publish","4":"format-standard","5":"has-post-thumbnail","7":"category-stiri","8":"tag-carte","9":"tag-craiova","10":"tag-ferenike","11":"tag-lansat-la-gaudeamus","12":"tag-romanul-doinei-rusti","13":"tag-scritoare"},"_links":{"self":[{"href":"https:\/\/hadnews.com\/ro\/wp-json\/wp\/v2\/posts\/123776","targetHints":{"allow":["GET"]}}],"collection":[{"href":"https:\/\/hadnews.com\/ro\/wp-json\/wp\/v2\/posts"}],"about":[{"href":"https:\/\/hadnews.com\/ro\/wp-json\/wp\/v2\/types\/post"}],"author":[{"embeddable":true,"href":"https:\/\/hadnews.com\/ro\/wp-json\/wp\/v2\/users\/87"}],"replies":[{"embeddable":true,"href":"https:\/\/hadnews.com\/ro\/wp-json\/wp\/v2\/comments?post=123776"}],"version-history":[{"count":0,"href":"https:\/\/hadnews.com\/ro\/wp-json\/wp\/v2\/posts\/123776\/revisions"}],"wp:featuredmedia":[{"embeddable":true,"href":"https:\/\/hadnews.com\/ro\/wp-json\/wp\/v2\/media\/123777"}],"wp:attachment":[{"href":"https:\/\/hadnews.com\/ro\/wp-json\/wp\/v2\/media?parent=123776"}],"wp:term":[{"taxonomy":"category","embeddable":true,"href":"https:\/\/hadnews.com\/ro\/wp-json\/wp\/v2\/categories?post=123776"},{"taxonomy":"post_tag","embeddable":true,"href":"https:\/\/hadnews.com\/ro\/wp-json\/wp\/v2\/tags?post=123776"}],"curies":[{"name":"wp","href":"https:\/\/api.w.org\/{rel}","templated":true}]}}