{"id":124182,"date":"2025-03-25T17:43:13","date_gmt":"2025-03-25T15:43:13","guid":{"rendered":"https:\/\/hadnews.com\/ro\/explicarea-si-justificarea-violentei-din-partea-unui-profesor-s4-e5\/"},"modified":"2025-03-25T17:43:13","modified_gmt":"2025-03-25T15:43:13","slug":"explicarea-si-justificarea-violentei-din-partea-unui-profesor-s4-e5","status":"publish","type":"post","link":"https:\/\/hadnews.com\/ro\/explicarea-si-justificarea-violentei-din-partea-unui-profesor-s4-e5\/","title":{"rendered":"Explicarea \u0219i justificarea violen\u021bei din partea unui profesor: S4 E5"},"content":{"rendered":"<p>Profesorii sunt considera\u021bi a fi figura de autoritate \u00een via\u021ba elevilor \u0219i sunt obliga\u021bi prin lege s\u0103 protejeze copiii de orice form\u0103 de violen\u021b\u0103. Cu toate acestea, \u00een ciuda preg\u0103tirii lor \u00een domeniul psiho-pedagogiei \u0219i prevenirii abuzului, \u00eenc\u0103 se \u00eent\u00e2lnesc situa\u021bii \u00een care profesorii recurg la violen\u021b\u0103 \u00eempotriva elevilor. Cum explic\u0103 profesorii aceste manifest\u0103ri?<\/p>\n<p>\u00centr-un episod recent al \u201eLaboratorului social\u201d, echipa a investigat rela\u021biile dintre profesori \u0219i elevi \u00een \u0219colile din Republica Moldova \u0219i a discutat despre posibile motive pentru care un profesor ar putea recurge la violen\u021b\u0103. Prin intermediul interviurilor cu p\u0103rin\u021bi, elevi, psihologi \u0219i chiar cu dou\u0103 profesoare de istorie cu experien\u021b\u0103, s-a \u00eencercat s\u0103 se \u00een\u021beleag\u0103 fenomenul \u0219i s\u0103 se propun\u0103 solu\u021bii pentru prevenirea abuzului \u00een sistemul educa\u021bional.<\/p>\n<p>\u00cen timp ce educa\u021bia ar trebui s\u0103 fie un proces de \u00eenv\u0103\u021bare \u0219i dezvoltare a elevilor \u00eentr-un mediu sigur \u0219i armonios, este important s\u0103 se identifice limitele \u00eentre educa\u021bie \u0219i violen\u021b\u0103. Rela\u021bia dintre profesori \u0219i elevi poate influen\u021ba considerabil atitudinea acestora fa\u021b\u0103 de \u0219coal\u0103 \u0219i \u00eenv\u0103\u021bare, dar \u0219i modul \u00een care se dezvolt\u0103 \u00een societate. Prin urmare, este esen\u021bial s\u0103 se promoveze un mediu educa\u021bional bazat pe bl\u00e2nde\u021be, calm \u0219i \u00eencredere, f\u0103r\u0103 team\u0103 sau violen\u021b\u0103.<\/p>\n<p>\u00cen final, este o provocare constant\u0103 pentru profesori s\u0103 g\u0103seasc\u0103 un echilibru \u00eentre autoritate \u0219i empatie, \u00eentre disciplin\u0103 \u0219i sprijin emo\u021bional. Educa\u021bia nu ar trebui s\u0103 doar\u0103, dar ar trebui s\u0103 inspire \u0219i s\u0103 contribuie la dezvoltarea armonioas\u0103 a copiilor no\u0219tri. Este esen\u021bial s\u0103 continu\u0103m dialogul \u0219i s\u0103 lucr\u0103m \u00eempreun\u0103 pentru a crea un mediu educa\u021bional pozitiv \u0219i sigur pentru to\u021bi elevii.<\/p>\n<p><\/p>\n<div class=\"video-container\">\n    <iframe class=\"video\" src=\"https:\/\/www.youtube.com\/embed\/iqydgTwTX7Y\" allowfullscreen><\/iframe>\n<\/div>\n<p><i>Video &#8220;S4 E5: E ceva ce ar putea explica sau chiar justifica violen\u021ba din partea unui profesor?\u201d a fost \u00eenc\u0103rcat pe 25\/03\/2025 pe canalul YouTube <a href=\"https:\/\/www.youtube.com\/channel\/UCGGIVRhyZZLdWTMeBEqX2Vg\" target=\"_blank\"> Europa Liber\u0103 Moldova <\/a><\/i><\/p>\n","protected":false},"excerpt":{"rendered":"<p>Profesorii sunt considera\u021bi a fi figura de autoritate \u00een via\u021ba elevilor \u0219i sunt obliga\u021bi prin lege s\u0103 protejeze copiii de orice form\u0103 de violen\u021b\u0103. Cu toate acestea, \u00een ciuda preg\u0103tirii lor \u00een domeniul psiho-pedagogiei \u0219i prevenirii abuzului, \u00eenc\u0103 se \u00eent\u00e2lnesc&#8230;<\/p>\n","protected":false},"author":86,"featured_media":124183,"comment_status":"","ping_status":"open","sticky":false,"template":"","format":"standard","meta":{"footnotes":""},"categories":[1],"tags":[95006,3390,3392,99643,99642],"class_list":{"0":"post-124182","1":"post","2":"type-post","3":"status-publish","4":"format-standard","5":"has-post-thumbnail","7":"category-societate","8":"tag-abuz","9":"tag-educatie","10":"tag-profesori","11":"tag-relatii_profesor_elev","12":"tag-violtenta"},"_links":{"self":[{"href":"https:\/\/hadnews.com\/ro\/wp-json\/wp\/v2\/posts\/124182","targetHints":{"allow":["GET"]}}],"collection":[{"href":"https:\/\/hadnews.com\/ro\/wp-json\/wp\/v2\/posts"}],"about":[{"href":"https:\/\/hadnews.com\/ro\/wp-json\/wp\/v2\/types\/post"}],"author":[{"embeddable":true,"href":"https:\/\/hadnews.com\/ro\/wp-json\/wp\/v2\/users\/86"}],"replies":[{"embeddable":true,"href":"https:\/\/hadnews.com\/ro\/wp-json\/wp\/v2\/comments?post=124182"}],"version-history":[{"count":0,"href":"https:\/\/hadnews.com\/ro\/wp-json\/wp\/v2\/posts\/124182\/revisions"}],"wp:featuredmedia":[{"embeddable":true,"href":"https:\/\/hadnews.com\/ro\/wp-json\/wp\/v2\/media\/124183"}],"wp:attachment":[{"href":"https:\/\/hadnews.com\/ro\/wp-json\/wp\/v2\/media?parent=124182"}],"wp:term":[{"taxonomy":"category","embeddable":true,"href":"https:\/\/hadnews.com\/ro\/wp-json\/wp\/v2\/categories?post=124182"},{"taxonomy":"post_tag","embeddable":true,"href":"https:\/\/hadnews.com\/ro\/wp-json\/wp\/v2\/tags?post=124182"}],"curies":[{"name":"wp","href":"https:\/\/api.w.org\/{rel}","templated":true}]}}