{"id":125001,"date":"2025-03-28T19:09:14","date_gmt":"2025-03-28T17:09:14","guid":{"rendered":"https:\/\/hadnews.com\/ro\/project-for-the-restoration-of-brancusian-works\/"},"modified":"2025-03-28T19:09:14","modified_gmt":"2025-03-28T17:09:14","slug":"project-for-the-restoration-of-brancusian-works","status":"publish","type":"post","link":"https:\/\/hadnews.com\/ro\/project-for-the-restoration-of-brancusian-works\/","title":{"rendered":"Project for the Restoration of Brancusian Works"},"content":{"rendered":"<p>Ministerul Culturii a lansat o licita\u021bie interna\u021bional\u0103 pentru proiectarea restaur\u0103rii operelor lui Constantin Br\u00e2ncu\u0219i de la T\u00e2rgu Jiu. \u00cen urm\u0103toarele 4 luni, firma care va c\u00e2\u0219tiga va trebui s\u0103 \u00eentocmeasc\u0103 proiectul de execu\u021bie pentru restaurarea celor trei opere: Coloana f\u0103r\u0103 Sf\u00e2r\u0219it, Masa T\u0103cerii \u0219i Poarta S\u0103rutului.<\/p>\n<p>Anul trecut au fost trei \u00eencerc\u0103ri nereu\u0219ite de a proiecta lucr\u0103rile de restaurare a operelor de la T\u00e2rgu Jiu. Dac\u0103 licita\u021bia actual\u0103 e\u0219ueaz\u0103, aceasta va fi urmat\u0103 de un concurs de proiecte.<\/p>\n<p>Coloana f\u0103r\u0103 Sf\u00e2r\u0219it este cea mai afectat\u0103 oper\u0103, fiind acoperit\u0103 de pete de rugin\u0103. Pe l\u00e2ng\u0103 restaurarea operelor \u00een sine, autorit\u0103\u021bile locale au ob\u021binut o finan\u021bare de 23 de milioane de euro pentru amenajarea parcului \u0219i a c\u0103ilor de acces.<\/p>\n<p>P\u00e2n\u0103 \u00een prezent, nu s-au ar\u0103tat firme interesate de restaurare, poate din cauza scandalului din anii preceden\u021bi, c\u00e2nd operele din piatr\u0103 au fost cur\u0103\u021bate cu jet de ap\u0103. Execu\u021bia proiectului de restaurare ar urma s\u0103 aib\u0103 loc \u00een anul viitor, dac\u0103 licita\u021bia de proiectare se finalizeaz\u0103. De asemenea, se preconizeaz\u0103 c\u0103 anul 2026 va fi declarat ,,Anul Br\u00e2ncu\u0219i,,.<\/p>\n<p><\/p>\n<div class=\"video-container\">\n    <iframe class=\"video\" src=\"https:\/\/www.youtube.com\/embed\/ZfBhrckd-6c\" allowfullscreen><\/iframe>\n<\/div>\n<p><i>Video &#8220;PROIECT PENTRU RESTAURAREA OPERELOR BR\u00c2NCU\u015eIENE\u201d a fost \u00eenc\u0103rcat pe 28\/03\/2025 pe canalul YouTube <a href=\"https:\/\/www.youtube.com\/channel\/UCr0bjXDk71i5-47jNml1zEw\" target=\"_blank\"> TVR Craiova <\/a><\/i><\/p>\n","protected":false},"excerpt":{"rendered":"<p>Ministerul Culturii a lansat o licita\u021bie interna\u021bional\u0103 pentru proiectarea restaur\u0103rii operelor lui Constantin Br\u00e2ncu\u0219i de la T\u00e2rgu Jiu. \u00cen urm\u0103toarele 4 luni, firma care va c\u00e2\u0219tiga va trebui s\u0103 \u00eentocmeasc\u0103 proiectul de execu\u021bie pentru restaurarea celor trei&#8230;<\/p>\n","protected":false},"author":87,"featured_media":125002,"comment_status":"","ping_status":"open","sticky":false,"template":"","format":"standard","meta":{"footnotes":""},"categories":[8158],"tags":[58814,23009,91755,100160,100161,75038],"class_list":{"0":"post-125001","1":"post","2":"type-post","3":"status-publish","4":"format-standard","5":"has-post-thumbnail","7":"category-stiri","8":"tag-craiova","9":"tag-licitatie","10":"tag-ministerul-culturii","11":"tag-opere-brancusiene","12":"tag-proiectare","13":"tag-restaurare"},"_links":{"self":[{"href":"https:\/\/hadnews.com\/ro\/wp-json\/wp\/v2\/posts\/125001","targetHints":{"allow":["GET"]}}],"collection":[{"href":"https:\/\/hadnews.com\/ro\/wp-json\/wp\/v2\/posts"}],"about":[{"href":"https:\/\/hadnews.com\/ro\/wp-json\/wp\/v2\/types\/post"}],"author":[{"embeddable":true,"href":"https:\/\/hadnews.com\/ro\/wp-json\/wp\/v2\/users\/87"}],"replies":[{"embeddable":true,"href":"https:\/\/hadnews.com\/ro\/wp-json\/wp\/v2\/comments?post=125001"}],"version-history":[{"count":0,"href":"https:\/\/hadnews.com\/ro\/wp-json\/wp\/v2\/posts\/125001\/revisions"}],"wp:featuredmedia":[{"embeddable":true,"href":"https:\/\/hadnews.com\/ro\/wp-json\/wp\/v2\/media\/125002"}],"wp:attachment":[{"href":"https:\/\/hadnews.com\/ro\/wp-json\/wp\/v2\/media?parent=125001"}],"wp:term":[{"taxonomy":"category","embeddable":true,"href":"https:\/\/hadnews.com\/ro\/wp-json\/wp\/v2\/categories?post=125001"},{"taxonomy":"post_tag","embeddable":true,"href":"https:\/\/hadnews.com\/ro\/wp-json\/wp\/v2\/tags?post=125001"}],"curies":[{"name":"wp","href":"https:\/\/api.w.org\/{rel}","templated":true}]}}