{"id":125827,"date":"2025-04-01T17:50:42","date_gmt":"2025-04-01T15:50:42","guid":{"rendered":"https:\/\/hadnews.com\/ro\/peste-picior-april-1st-2025\/"},"modified":"2025-04-01T17:50:42","modified_gmt":"2025-04-01T15:50:42","slug":"peste-picior-april-1st-2025","status":"publish","type":"post","link":"https:\/\/hadnews.com\/ro\/peste-picior-april-1st-2025\/","title":{"rendered":"Peste Picior &#8211; April 1st, 2025"},"content":{"rendered":"<p>Perechea de prezentatori perfect\u0103 poate fi g\u0103sit\u0103 pe JurnalTV \u00een emisiunea &#8220;Peste Picior&#8221; din data de 01.04.2025. C\u0103t\u0103lin Lungu \u0219i Andrei Bolocan sunt gazdele care v\u0103 vor \u021bine captiva\u021bi cu un program plin de divertisment \u0219i informa\u021bii de actualitate.<\/p>\n<p>\u00cen aceast\u0103 edi\u021bie, cei doi prezentatori vor aduce \u00een aten\u021bia telespectatorilor subiecte interesante \u0219i surprize pe care nu le pute\u021bi rata. Cu un mix perfect \u00eentre umor \u0219i seriozitate, C\u0103t\u0103lin \u0219i Andrei v\u0103 vor \u00eenc\u00e2nta cu un show captivant.<\/p>\n<p>Produc\u0103torul emisiunii, Radu \u0218arbei, se asigur\u0103 c\u0103 totul merge strun\u0103, iar fiecare detaliu este pus la punct pentru o experien\u021b\u0103 TV de neuitat.<\/p>\n<p>Nu rata\u021bi &#8220;Peste Picior&#8221; pe JurnalTV \u0219i urm\u0103ri\u021bi-ne pe re\u021belele sociale pentru a fi la curent cu ultimele nout\u0103\u021bi \u0219i edi\u021bii noi.<\/p>\n<p><\/p>\n<div class=\"video-container\">\n    <iframe class=\"video\" src=\"https:\/\/www.youtube.com\/embed\/rUpQs7PM54k\" allowfullscreen><\/iframe>\n<\/div>\n<p><i>Video &#8220;Peste Picior &#8211; 01.04.2025\u201d a fost \u00eenc\u0103rcat pe 01\/04\/2025 pe canalul YouTube <a href=\"https:\/\/www.youtube.com\/channel\/UCJYCClZe1UppC6q3XJ4Mp2A\" target=\"_blank\"> Jurnal TV <\/a><\/i><\/p>\n","protected":false},"excerpt":{"rendered":"<p>Perechea de prezentatori perfect\u0103 poate fi g\u0103sit\u0103 pe JurnalTV \u00een emisiunea &#8220;Peste Picior&#8221; din data de 01.04.2025. C\u0103t\u0103lin Lungu \u0219i Andrei Bolocan sunt gazdele care v\u0103 vor \u021bine captiva\u021bi cu un program plin de divertisment \u0219i informa\u021bii de&#8230;<\/p>\n","protected":false},"author":85,"featured_media":125828,"comment_status":"","ping_status":"open","sticky":false,"template":"","format":"standard","meta":{"footnotes":""},"categories":[8158],"tags":[67211,67212,63112,67210,77064],"class_list":{"0":"post-125827","1":"post","2":"type-post","3":"status-publish","4":"format-standard","5":"has-post-thumbnail","7":"category-stiri","8":"tag-andrei-bolocan","9":"tag-catalin-lungu","10":"tag-jurnaltv","11":"tag-prezentatori","12":"tag-radu-sarbei"},"_links":{"self":[{"href":"https:\/\/hadnews.com\/ro\/wp-json\/wp\/v2\/posts\/125827","targetHints":{"allow":["GET"]}}],"collection":[{"href":"https:\/\/hadnews.com\/ro\/wp-json\/wp\/v2\/posts"}],"about":[{"href":"https:\/\/hadnews.com\/ro\/wp-json\/wp\/v2\/types\/post"}],"author":[{"embeddable":true,"href":"https:\/\/hadnews.com\/ro\/wp-json\/wp\/v2\/users\/85"}],"replies":[{"embeddable":true,"href":"https:\/\/hadnews.com\/ro\/wp-json\/wp\/v2\/comments?post=125827"}],"version-history":[{"count":0,"href":"https:\/\/hadnews.com\/ro\/wp-json\/wp\/v2\/posts\/125827\/revisions"}],"wp:featuredmedia":[{"embeddable":true,"href":"https:\/\/hadnews.com\/ro\/wp-json\/wp\/v2\/media\/125828"}],"wp:attachment":[{"href":"https:\/\/hadnews.com\/ro\/wp-json\/wp\/v2\/media?parent=125827"}],"wp:term":[{"taxonomy":"category","embeddable":true,"href":"https:\/\/hadnews.com\/ro\/wp-json\/wp\/v2\/categories?post=125827"},{"taxonomy":"post_tag","embeddable":true,"href":"https:\/\/hadnews.com\/ro\/wp-json\/wp\/v2\/tags?post=125827"}],"curies":[{"name":"wp","href":"https:\/\/api.w.org\/{rel}","templated":true}]}}