{"id":127079,"date":"2025-04-07T20:34:45","date_gmt":"2025-04-07T18:34:45","guid":{"rendered":"https:\/\/hadnews.com\/ro\/expertiza-lui-dumitru-misin-editia-din-07-04-2025\/"},"modified":"2025-04-07T20:34:45","modified_gmt":"2025-04-07T18:34:45","slug":"expertiza-lui-dumitru-misin-editia-din-07-04-2025","status":"publish","type":"post","link":"https:\/\/hadnews.com\/ro\/expertiza-lui-dumitru-misin-editia-din-07-04-2025\/","title":{"rendered":"Expertiza lui Dumitru Mi\u0219in, edi\u021bia din 07.04.2025"},"content":{"rendered":"<p>Emisiunea &#8220;Ora Expertizei&#8221; condus\u0103 de Dumitru Mi\u0219in a avut o edi\u021bie de excep\u021bie \u00een data de 7 aprilie 2025. Invita\u021bii speciali ai emisiunii au fost Oleg Brega, Chiril Mo\u021bpan, Roman Mih\u0103e\u0219, Ghenadie Cosovan \u0219i Valeriu Saharneanu. Ace\u0219tia au dezbatut subiecte de actualitate \u0219i au oferit expertiza lor \u00een diverse domenii.<\/p>\n<p>Oleg Brega, cunoscut pentru implicarea sa \u00een societate, a adus o perspectiv\u0103 interesant\u0103 asupra problemelor curente, \u00een timp ce Chiril Mo\u021bpan a adus \u00een discu\u021bie aspecte legate de economie \u0219i finan\u021be. Roman Mih\u0103e\u0219 \u0219i Ghenadie Cosovan au adus \u00een prim-plan discu\u021bii legate de politica intern\u0103 \u0219i extern\u0103 a \u021b\u0103rii, iar Valeriu Saharneanu a contribuit cu expertiza sa \u00een domeniul dreptului.<\/p>\n<p>Emisiunea a fost un succes \u0219i a reu\u0219it s\u0103 ofere telespectatorilor o perspectiv\u0103 ampl\u0103 \u0219i profund\u0103 asupra diverselor subiecte de interes general. Cu siguran\u021b\u0103, participa\u021bia invita\u021bilor de marc\u0103 a adus un plus de valoare emisiunii &#8220;Ora Expertizei cu Dumitru Mi\u0219in&#8221;.<\/p>\n<p><\/p>\n<div class=\"video-container\">\n    <iframe class=\"video\" src=\"https:\/\/www.youtube.com\/embed\/JjaSHWOcA20\" allowfullscreen><\/iframe>\n<\/div>\n<p><i>Video &#8220;Ora Expertizei cu Dumitru Mi\u0219in, edi\u021bia din 07.04.2025\u201d a fost \u00eenc\u0103rcat pe 07\/04\/2025 pe canalul YouTube <a href=\"https:\/\/www.youtube.com\/channel\/UCJYCClZe1UppC6q3XJ4Mp2A\" target=\"_blank\"> Jurnal TV <\/a><\/i><\/p>\n","protected":false},"excerpt":{"rendered":"<p>Emisiunea &#8220;Ora Expertizei&#8221; condus\u0103 de Dumitru Mi\u0219in a avut o edi\u021bie de excep\u021bie \u00een data de 7 aprilie 2025. Invita\u021bii speciali ai emisiunii au fost Oleg Brega, Chiril Mo\u021bpan, Roman Mih\u0103e\u0219, Ghenadie Cosovan \u0219i Valeriu Saharneanu. Ace\u0219tia au dezbatut&#8230;<\/p>\n","protected":false},"author":85,"featured_media":127080,"comment_status":"","ping_status":"open","sticky":false,"template":"","format":"standard","meta":{"footnotes":""},"categories":[8158],"tags":[101318,65639,58798,101317,65638],"class_list":{"0":"post-127079","1":"post","2":"type-post","3":"status-publish","4":"format-standard","5":"has-post-thumbnail","7":"category-stiri","8":"tag-chiril-motpan","9":"tag-dumitru-misin","10":"tag-jurnal-tv","11":"tag-oleg-brega","12":"tag-ora-expertizei"},"_links":{"self":[{"href":"https:\/\/hadnews.com\/ro\/wp-json\/wp\/v2\/posts\/127079","targetHints":{"allow":["GET"]}}],"collection":[{"href":"https:\/\/hadnews.com\/ro\/wp-json\/wp\/v2\/posts"}],"about":[{"href":"https:\/\/hadnews.com\/ro\/wp-json\/wp\/v2\/types\/post"}],"author":[{"embeddable":true,"href":"https:\/\/hadnews.com\/ro\/wp-json\/wp\/v2\/users\/85"}],"replies":[{"embeddable":true,"href":"https:\/\/hadnews.com\/ro\/wp-json\/wp\/v2\/comments?post=127079"}],"version-history":[{"count":0,"href":"https:\/\/hadnews.com\/ro\/wp-json\/wp\/v2\/posts\/127079\/revisions"}],"wp:featuredmedia":[{"embeddable":true,"href":"https:\/\/hadnews.com\/ro\/wp-json\/wp\/v2\/media\/127080"}],"wp:attachment":[{"href":"https:\/\/hadnews.com\/ro\/wp-json\/wp\/v2\/media?parent=127079"}],"wp:term":[{"taxonomy":"category","embeddable":true,"href":"https:\/\/hadnews.com\/ro\/wp-json\/wp\/v2\/categories?post=127079"},{"taxonomy":"post_tag","embeddable":true,"href":"https:\/\/hadnews.com\/ro\/wp-json\/wp\/v2\/tags?post=127079"}],"curies":[{"name":"wp","href":"https:\/\/api.w.org\/{rel}","templated":true}]}}