{"id":128178,"date":"2025-04-12T17:00:07","date_gmt":"2025-04-12T15:00:07","guid":{"rendered":"https:\/\/hadnews.com\/ro\/cealalta-basarabie-editia-din-12-aprilie-2025\/"},"modified":"2025-04-12T17:00:07","modified_gmt":"2025-04-12T15:00:07","slug":"cealalta-basarabie-editia-din-12-aprilie-2025","status":"publish","type":"post","link":"https:\/\/hadnews.com\/ro\/cealalta-basarabie-editia-din-12-aprilie-2025\/","title":{"rendered":"Cealalt\u0103 Basarabie, edi\u021bia din 12 aprilie 2025"},"content":{"rendered":"<p>Emisiunea \u201eCealalt\u0103 Basarabie\u201d continu\u0103 s\u0103 aduc\u0103 \u00een aten\u021bia publicului subiecte de actualitate legate de diaspora moldovean\u0103. Edi\u021bia din data de 12 aprilie 2025 a abordat \u00een mod special dificult\u0103\u021bile \u0219i reu\u0219itele comunit\u0103\u021bilor de moldoveni din \u00eentreaga lume.<\/p>\n<p>\u00cen cadrul emisiunii s-au discutat problemele cu care se confrunt\u0103 moldovenii emigra\u021bi peste hotarele \u021b\u0103rii, precum integrarea \u00een noile \u021b\u0103ri de re\u0219edin\u021b\u0103, dificult\u0103\u021bile birocratice sau sentimentul de apartenen\u021b\u0103 la \u021bar\u0103 natal\u0103. De asemenea, au fost prezentate \u0219i pove\u0219tile de succes ale acestora, care au reu\u0219it s\u0103 se impun\u0103 \u00een diverse domenii \u00een afara grani\u021belor Moldovei.<\/p>\n<p>Moderatorii emisiunii au subliniat importan\u021ba dat\u0103 de guvernul moldovean comunit\u0103\u021bilor de moldoveni din diaspora, precum \u0219i eforturile f\u0103cute pentru a le sprijini \u0219i a le conecta cu \u021bara de origine.<\/p>\n<p>\u201eCealalt\u0103 Basarabie\u201d continu\u0103 s\u0103 fie o surs\u0103 de informa\u021bii \u0219i inspira\u021bie pentru moldovenii din str\u0103in\u0103tate, oferindu-le un spa\u021biu \u00een care s\u0103-\u0219i \u00eemp\u0103rt\u0103\u0219easc\u0103 experien\u021bele \u0219i s\u0103 g\u0103seasc\u0103 sprijin \u00een comunitatea lor.<\/p>\n<p><\/p>\n<div class=\"video-container\">\n    <iframe class=\"video\" src=\"https:\/\/www.youtube.com\/embed\/Wb-li8DgGxI\" allowfullscreen><\/iframe>\n<\/div>\n<p><i>Video &#8220;Cealalt\u0103 Basarabie, edi\u021bia din 12.04.2025\u201d a fost \u00eenc\u0103rcat pe 12\/04\/2025 pe canalul YouTube <a href=\"https:\/\/www.youtube.com\/channel\/UCJYCClZe1UppC6q3XJ4Mp2A\" target=\"_blank\"> Jurnal TV <\/a><\/i><\/p>\n","protected":false},"excerpt":{"rendered":"<p>Emisiunea \u201eCealalt\u0103 Basarabie\u201d continu\u0103 s\u0103 aduc\u0103 \u00een aten\u021bia publicului subiecte de actualitate legate de diaspora moldovean\u0103. Edi\u021bia din data de 12 aprilie 2025 a abordat \u00een mod special dificult\u0103\u021bile \u0219i reu\u0219itele comunit\u0103\u021bilor de moldoveni din \u00eentreaga lume&#8230;<\/p>\n","protected":false},"author":85,"featured_media":128179,"comment_status":"","ping_status":"open","sticky":false,"template":"","format":"standard","meta":{"footnotes":""},"categories":[8158],"tags":[60047,60048,66399,59648,89498],"class_list":{"0":"post-128178","1":"post","2":"type-post","3":"status-publish","4":"format-standard","5":"has-post-thumbnail","7":"category-stiri","8":"tag-cealalta-basarabie","9":"tag-diaspora","10":"tag-emigratie","11":"tag-moldoveni","12":"tag-program-special"},"_links":{"self":[{"href":"https:\/\/hadnews.com\/ro\/wp-json\/wp\/v2\/posts\/128178","targetHints":{"allow":["GET"]}}],"collection":[{"href":"https:\/\/hadnews.com\/ro\/wp-json\/wp\/v2\/posts"}],"about":[{"href":"https:\/\/hadnews.com\/ro\/wp-json\/wp\/v2\/types\/post"}],"author":[{"embeddable":true,"href":"https:\/\/hadnews.com\/ro\/wp-json\/wp\/v2\/users\/85"}],"replies":[{"embeddable":true,"href":"https:\/\/hadnews.com\/ro\/wp-json\/wp\/v2\/comments?post=128178"}],"version-history":[{"count":0,"href":"https:\/\/hadnews.com\/ro\/wp-json\/wp\/v2\/posts\/128178\/revisions"}],"wp:featuredmedia":[{"embeddable":true,"href":"https:\/\/hadnews.com\/ro\/wp-json\/wp\/v2\/media\/128179"}],"wp:attachment":[{"href":"https:\/\/hadnews.com\/ro\/wp-json\/wp\/v2\/media?parent=128178"}],"wp:term":[{"taxonomy":"category","embeddable":true,"href":"https:\/\/hadnews.com\/ro\/wp-json\/wp\/v2\/categories?post=128178"},{"taxonomy":"post_tag","embeddable":true,"href":"https:\/\/hadnews.com\/ro\/wp-json\/wp\/v2\/tags?post=128178"}],"curies":[{"name":"wp","href":"https:\/\/api.w.org\/{rel}","templated":true}]}}