{"id":131585,"date":"2025-04-30T18:35:43","date_gmt":"2025-04-30T16:35:43","guid":{"rendered":"https:\/\/hadnews.com\/ro\/jurnalul-de-la-ora-1900-30-aprilie-2025\/"},"modified":"2025-04-30T18:35:43","modified_gmt":"2025-04-30T16:35:43","slug":"jurnalul-de-la-ora-1900-30-aprilie-2025","status":"publish","type":"post","link":"https:\/\/hadnews.com\/ro\/jurnalul-de-la-ora-1900-30-aprilie-2025\/","title":{"rendered":"Jurnalul de la ora 19:00, 30 aprilie 2025"},"content":{"rendered":"<h3>Jurnalul orei 19:00, 30.04.2025: Un Rezumat al Evenimentelor Zilei<\/h3>\n<p>\u00cen aceast\u0103 sear\u0103, Jurnalul orei 19:00, prezentat de Vlada Tomescu, aduce \u00een fa\u021ba telespectatorilor cele mai importante evenimente \u0219i subiecte de actualitate marcante pentru data de 30 aprilie 2025. Jurnalul ofer\u0103 o privire de ansamblu asupra situa\u021biei interne \u0219i interna\u021bionale, oferind informa\u021bii esen\u021biale pentru cet\u0103\u021beni.<\/p>\n<p><strong>Evenimente Politice \u0219i Sociale<\/strong><\/p>\n<p>Pe plan intern, emisiunea va analiza deciziile recente ale Guvernului, inclusiv m\u0103surile economice destinate s\u0103 sprijine micile afaceri afectate de criza economic\u0103. De asemenea, vor fi discutate modific\u0103rile propuse \u00een legisla\u021bia privind Drepturile Omului, un subiect de actualitate care a suscitat dezbateri aprinse \u00een societate.<\/p>\n<p><strong>S\u0103n\u0103tate \u0219i Mediu<\/strong><\/p>\n<p>Un alt segment important va fi dedicat s\u0103n\u0103t\u0103\u021bii publice, eviden\u021biind progresele \u00een lupta \u00eempotriva bolilor infec\u021bioase, \u00een special m\u0103surile adoptate pentru prevenirea unor posibile focare. Totodat\u0103, se va vorbi despre ini\u021biativele recente pentru protejarea mediului, inclusiv planurile de re\u00eemp\u0103durire \u0219i gestionare a de\u0219eurilor.<\/p>\n<p><strong>Cultura \u0219i Sport<\/strong><\/p>\n<p>Cultura nu este uitat\u0103, iar jurnalul de ast\u0103zi va include informa\u021bii despre festivalurile artistice care vor avea loc \u00een lunile urm\u0103toare, precum \u0219i detalii despre evenimentele sportive importante care atrag aten\u021bia publicului, inclusiv competi\u021biile interna\u021bionale de fotbal \u0219i atletic\u0103.<\/p>\n<p><strong>Concluzie<\/strong><\/p>\n<p>Jurnalul orei 19:00 promite o prezentare concis\u0103 \u0219i informa\u021bii relevante, oferind telespectatorilor o platform\u0103 de informare \u0219i reflec\u021bie asupra evenimentelor care \u00eei afecteaz\u0103 direct. Prezentarea din aceast\u0103 sear\u0103 este o oportunitate de a r\u0103m\u00e2ne conecta\u021bi la realit\u0103\u021bile contemporane \u0219i de a fi la curent cu cele mai recente nout\u0103\u021bi.<\/p>\n<p>Veni\u021bi s\u0103 descoperi\u021bi mai multe despre ceea ce se \u00eent\u00e2mpl\u0103 \u00een lume \u0219i \u00een comunitatea dumneavoastr\u0103, al\u0103turi de Vlada Tomescu, \u00een aceast\u0103 edi\u021bie a Jurnalului orei 19:00.<\/p>\n<p><\/p>\n<div class=\"video-container\">\n    <iframe class=\"video\" src=\"https:\/\/www.youtube.com\/embed\/NvHexLTYRrY\" allowfullscreen><\/iframe>\n<\/div>\n<p><i>Video &#8220;Jurnalul orei 19:00, 30.04.2025\u201d a fost \u00eenc\u0103rcat pe 30\/04\/2025 pe canalul YouTube <a href=\"https:\/\/www.youtube.com\/channel\/UCJYCClZe1UppC6q3XJ4Mp2A\" target=\"_blank\"> Jurnal TV <\/a><\/i><\/p>\n","protected":false},"excerpt":{"rendered":"<p>Jurnalul orei 19:00, 30.04.2025: Un Rezumat al Evenimentelor Zilei \u00cen aceast\u0103 sear\u0103, Jurnalul orei 19:00, prezentat de Vlada Tomescu, aduce \u00een fa\u021ba telespectatorilor cele mai importante evenimente \u0219i subiecte de actualitate marcante pentru data de 30 aprilie&#8230;<\/p>\n","protected":false},"author":85,"featured_media":131586,"comment_status":"","ping_status":"open","sticky":false,"template":"","format":"standard","meta":{"footnotes":""},"categories":[8158],"tags":[59033,60720,58806,13313,58808],"class_list":{"0":"post-131585","1":"post","2":"type-post","3":"status-publish","4":"format-standard","5":"has-post-thumbnail","7":"category-stiri","8":"tag-59033","9":"tag-eveniment","10":"tag-jurnal","11":"tag-media","12":"tag-vlada-tomescu"},"_links":{"self":[{"href":"https:\/\/hadnews.com\/ro\/wp-json\/wp\/v2\/posts\/131585","targetHints":{"allow":["GET"]}}],"collection":[{"href":"https:\/\/hadnews.com\/ro\/wp-json\/wp\/v2\/posts"}],"about":[{"href":"https:\/\/hadnews.com\/ro\/wp-json\/wp\/v2\/types\/post"}],"author":[{"embeddable":true,"href":"https:\/\/hadnews.com\/ro\/wp-json\/wp\/v2\/users\/85"}],"replies":[{"embeddable":true,"href":"https:\/\/hadnews.com\/ro\/wp-json\/wp\/v2\/comments?post=131585"}],"version-history":[{"count":0,"href":"https:\/\/hadnews.com\/ro\/wp-json\/wp\/v2\/posts\/131585\/revisions"}],"wp:featuredmedia":[{"embeddable":true,"href":"https:\/\/hadnews.com\/ro\/wp-json\/wp\/v2\/media\/131586"}],"wp:attachment":[{"href":"https:\/\/hadnews.com\/ro\/wp-json\/wp\/v2\/media?parent=131585"}],"wp:term":[{"taxonomy":"category","embeddable":true,"href":"https:\/\/hadnews.com\/ro\/wp-json\/wp\/v2\/categories?post=131585"},{"taxonomy":"post_tag","embeddable":true,"href":"https:\/\/hadnews.com\/ro\/wp-json\/wp\/v2\/tags?post=131585"}],"curies":[{"name":"wp","href":"https:\/\/api.w.org\/{rel}","templated":true}]}}