{"id":131791,"date":"2025-05-01T16:01:58","date_gmt":"2025-05-01T14:01:58","guid":{"rendered":"https:\/\/hadnews.com\/ro\/foot-pest-may-1-2025\/"},"modified":"2025-05-01T16:01:58","modified_gmt":"2025-05-01T14:01:58","slug":"foot-pest-may-1-2025","status":"publish","type":"post","link":"https:\/\/hadnews.com\/ro\/foot-pest-may-1-2025\/","title":{"rendered":"Foot Pest &#8211; May 1, 2025"},"content":{"rendered":"<h3>Peste Picior &#8211; 01.05.2025: O Privire Asupra Viitorului<\/h3>\n<p>Pe 1 mai 2025, publicul va putea urm\u0103ri un nou episod captivant al seriei &quot;Peste Picior&quot;, care promite s\u0103 aduc\u0103 \u00een prim-plan subiecte controversate, pove\u0219ti inspiratoare \u0219i perspective unice asupra vie\u021bii cotidiene. Aceast\u0103 produc\u021bie se dovede\u0219te a fi un amalgam de jurnalism de investiga\u021bie \u0219i reportaje sociale, \u00eempletind realitatea cu emo\u021bia.<\/p>\n<p>Episodul de s\u0103pt\u0103m\u00e2na aceasta va explora teme actuale care afecteaz\u0103 comunit\u0103\u021bile noastre, dar \u0219i oameni care \u00ee\u0219i dedic\u0103 via\u021ba unor cauze nobile. De la ini\u021biativele ecologice la pove\u0219tile celor care lupt\u0103 \u00eempotriva nedrept\u0103\u021bii, &quot;Peste Picior&quot; va oferi o platform\u0103 pentru vocile adesea neauzite. <\/p>\n<p>Cercetarea profund\u0103 \u0219i interviurile realizate cu personalit\u0103\u021bi din diferite domenii ofer\u0103 o expertiz\u0103 valoroas\u0103, ajut\u00e2nd spectatorii s\u0103 \u00een\u021beleag\u0103 mai bine contextul social \u0219i economic \u00een care ne afl\u0103m. Fiecare episod este un invita\u021bie de a reflecta asupra problemele cu care ne confrunt\u0103m zi de zi \u0219i modul \u00een care putem contribui la schimbare.<\/p>\n<p>Pe l\u00e2ng\u0103 informa\u021biile esen\u021biale, &quot;Peste Picior&quot; aduce \u0219i o not\u0103 de optimism. Pove\u0219tile de succes \u0219i realiz\u0103rile din comunitate sunt prezentate pentru a inspira \u0219i \u00eencuraja spectatorii s\u0103 se implice activ. Prin intermediul acestei serii, se eviden\u021biaz\u0103 c\u0103, \u00een ciuda dificult\u0103\u021bilor, exist\u0103 \u00eentotdeauna speran\u021b\u0103 \u0219i posibilit\u0103\u021bi de a face bine.<\/p>\n<p>Nu rata\u021bi ocazia de a viziona &quot;Peste Picior&quot; pe 1 mai 2025, un episod ce promite s\u0103 provoace g\u00e2ndirea \u0219i s\u0103 trezeasc\u0103 emo\u021bii, aduc\u00e2nd \u00een lumina reflectoarelor teme esen\u021biale pentru societatea noastr\u0103 modern\u0103.<\/p>\n<p><\/p>\n<div class=\"video-container\">\n    <iframe class=\"video\" src=\"https:\/\/www.youtube.com\/embed\/8eVwavy7pHM\" allowfullscreen><\/iframe>\n<\/div>\n<p><i>Video &#8220;Peste Picior &#8211; 01.05.2025\u201d a fost \u00eenc\u0103rcat pe 01\/05\/2025 pe canalul YouTube <a href=\"https:\/\/www.youtube.com\/channel\/UCJYCClZe1UppC6q3XJ4Mp2A\" target=\"_blank\"> Jurnal TV <\/a><\/i><\/p>\n","protected":false},"excerpt":{"rendered":"<p>Peste Picior &#8211; 01.05.2025: O Privire Asupra Viitorului Pe 1 mai 2025, publicul va putea urm\u0103ri un nou episod captivant al seriei &quot;Peste Picior&quot;, care promite s\u0103 aduc\u0103 \u00een prim-plan subiecte controversate, pove\u0219ti inspiratoare \u0219i perspective&#8230;<\/p>\n","protected":false},"author":85,"featured_media":131792,"comment_status":"","ping_status":"open","sticky":false,"template":"","format":"standard","meta":{"footnotes":""},"categories":[8158],"tags":[6171,12425,58798,66379,14815],"class_list":{"0":"post-131791","1":"post","2":"type-post","3":"status-publish","4":"format-standard","5":"has-post-thumbnail","7":"category-stiri","8":"tag-facebook","9":"tag-instagram","10":"tag-jurnal-tv","11":"tag-peste-picior","12":"tag-social-media"},"_links":{"self":[{"href":"https:\/\/hadnews.com\/ro\/wp-json\/wp\/v2\/posts\/131791","targetHints":{"allow":["GET"]}}],"collection":[{"href":"https:\/\/hadnews.com\/ro\/wp-json\/wp\/v2\/posts"}],"about":[{"href":"https:\/\/hadnews.com\/ro\/wp-json\/wp\/v2\/types\/post"}],"author":[{"embeddable":true,"href":"https:\/\/hadnews.com\/ro\/wp-json\/wp\/v2\/users\/85"}],"replies":[{"embeddable":true,"href":"https:\/\/hadnews.com\/ro\/wp-json\/wp\/v2\/comments?post=131791"}],"version-history":[{"count":0,"href":"https:\/\/hadnews.com\/ro\/wp-json\/wp\/v2\/posts\/131791\/revisions"}],"wp:featuredmedia":[{"embeddable":true,"href":"https:\/\/hadnews.com\/ro\/wp-json\/wp\/v2\/media\/131792"}],"wp:attachment":[{"href":"https:\/\/hadnews.com\/ro\/wp-json\/wp\/v2\/media?parent=131791"}],"wp:term":[{"taxonomy":"category","embeddable":true,"href":"https:\/\/hadnews.com\/ro\/wp-json\/wp\/v2\/categories?post=131791"},{"taxonomy":"post_tag","embeddable":true,"href":"https:\/\/hadnews.com\/ro\/wp-json\/wp\/v2\/tags?post=131791"}],"curies":[{"name":"wp","href":"https:\/\/api.w.org\/{rel}","templated":true}]}}