{"id":131957,"date":"2025-05-02T19:30:06","date_gmt":"2025-05-02T17:30:06","guid":{"rendered":"https:\/\/hadnews.com\/ro\/socant-cele-3-zile-de-intuneric-vor-avea-loc-pe\/"},"modified":"2025-05-02T19:30:06","modified_gmt":"2025-05-02T17:30:06","slug":"socant-cele-3-zile-de-intuneric-vor-avea-loc-pe","status":"publish","type":"post","link":"https:\/\/hadnews.com\/ro\/socant-cele-3-zile-de-intuneric-vor-avea-loc-pe\/","title":{"rendered":"SOCANT: Cele 3 Zile de \u00centuneric vor avea loc pe &#8230;"},"content":{"rendered":"<h1>SOCANT: Cele 3 Zile De \u00centuneric Vor Avea Loc PE &#8230;<\/h1>\n<p>\u00centr-o lume \u00een care incertitudinea \u0219i frica de necunoscut sunt la ordinea zilei, profe\u021bia celor trei zile de \u00eentuneric capteaz\u0103 aten\u021bia \u0219i st\u00e2rne\u0219te nelini\u0219ti ad\u00e2nci. Aceast\u0103 viziune misterioas\u0103, \u00eenr\u0103d\u0103cinat\u0103 \u00een textele biblice \u0219i \u00een \u00eenv\u0103\u021b\u0103turile sfin\u021bilor, ne provokeaz\u0103 s\u0103 ne \u00eentreb\u0103m: este acest avertisment divin o realitate iminent\u0103 sau doar o legend\u0103?<\/p>\n<p>Se spune c\u0103 \u00een aceste trei zile de \u00eentuneric, soarele va disp\u0103rea complet de pe cer, l\u0103s\u00e2nd omenirea \u00eentr-o bezn\u0103 profund\u0103. Acest fenomen apocaliptic este adesea interpretat ca o perioad\u0103 de purificare \u0219i judecat\u0103, un moment \u00een care fiecare individ va fi pus fa\u021b\u0103 \u00een fa\u021b\u0103 cu alegerile sale. Viziunile mistice sugereaz\u0103 c\u0103 doar cei cu credin\u021b\u0103 autentic\u0103 vor g\u0103si ad\u0103post \u00een aceste zile cumplite, \u00een timp ce cei care tr\u0103iesc \u00een p\u0103cat sau f\u0103r\u0103 credin\u021b\u0103 vor fi vulnerabili la haosul care se va dezl\u0103n\u021bui.<\/p>\n<p>Biblia \u0219i \u00eenv\u0103\u021b\u0103turile lui Isus Hristos ofer\u0103 indicii despre semnifica\u021bia profund\u0103 a acestei profe\u021bii. \u00cen \u00eenv\u0103\u021b\u0103turile sale, Isus ne cheam\u0103 s\u0103 ne \u00eentoarcem spre spiritualitate \u0219i s\u0103 c\u0103ut\u0103m conexiuni mai profunde cu divinitatea. Rug\u0103ciunea, poc\u0103in\u021ba \u0219i credin\u021ba devin astfel singurele faruri de speran\u021b\u0103 \u00eentr-o lume \u00eentunecat\u0103.<\/p>\n<p>Ce ne spune acest avertisment despre starea actual\u0103 a umanit\u0103\u021bii? Oare ne-am preg\u0103tit cu adev\u0103rat pentru testul suprem care vine? Mesajele ascunse \u0219i semnele apocaliptice observate \u00een zilele noastre ne \u00eendeamn\u0103 s\u0103 reflect\u0103m asupra alegerilor noastre \u0219i s\u0103 ac\u021bion\u0103m \u00eenainte s\u0103 fie prea t\u00e2rziu. \u00centrebarea care st\u0103 pe buzele multora este: suntem capabili s\u0103 ne abandon\u0103m p\u0103catele \u0219i s\u0103 ne deschidem inimile c\u0103tre Dumnezeu?<\/p>\n<p>De asemenea, leg\u0103tura cu revela\u021biile din Apocalipsa ne ofer\u0103 o viziune asupra vremurilor din urm\u0103, c\u00e2nd omenirea va fi supus\u0103 la \u00eencerc\u0103ri grele. Aceast\u0103 profe\u021bie str\u0103veche r\u0103sun\u0103 puternic \u00een zilele noastre, st\u00e2rnind un val de \u00eentreb\u0103ri \u0219i temeri \u00een r\u00e2ndul credincio\u0219ilor din \u00eentreaga lume.<\/p>\n<p>Pe m\u0103sur\u0103 ce ne apropiem de aceste momente critice, este esen\u021bial s\u0103 ne preg\u0103tim nu doar fizic, ci mai ales spiritual. Este timpul s\u0103 c\u0103ut\u0103m lumina \u00eentr-o er\u0103 de \u00eentuneric \u0219i s\u0103 ne \u00eentoarcem la valorile fundamentale care ne unesc ca societate.<\/p>\n<p>Cele trei zile de \u00eentuneric nu sunt doar o simpl\u0103 poveste biblic\u0103; ele reprezint\u0103 o oportunitate de a reflecta asupra vie\u021bilor noastre, de a ne \u00eent\u0103ri credin\u021ba \u0219i de a ne preg\u0103ti pentru tot ceea ce va urma. Este o chemare la ac\u021biune, la introspec\u021bie \u0219i la con\u0219tientizare.<\/p>\n<p>Fie c\u0103 suntem sceptici sau credincio\u0219i, aceast\u0103 profe\u021bie nu poate fi ignorat\u0103. R\u0103m\u00e2ne de v\u0103zut dac\u0103 omenirea va putea face fa\u021b\u0103 acestui avertisment \u0219i va reu\u0219i s\u0103 \u00ee\u0219i schimbe destinul.<\/p>\n<p><\/p>\n<div class=\"video-container\">\n    <iframe class=\"video\" src=\"https:\/\/www.youtube.com\/embed\/hGVLUqNQe-4\" allowfullscreen><\/iframe>\n<\/div>\n<p><i>Video &#8220;SOCANT: Cele 3 Zile De Intuneric Vor Avea Loc PE &#8230;\u201d a fost \u00eenc\u0103rcat pe 02\/05\/2025 pe canalul YouTube <a href=\"https:\/\/www.youtube.com\/channel\/UCNEBfA3UzWh7F603O196zaQ\" target=\"_blank\"> Adev\u0103ruri Secrete <\/a><\/i><\/p>\n","protected":false},"excerpt":{"rendered":"<p>SOCANT: Cele 3 Zile De \u00centuneric Vor Avea Loc PE &#8230; \u00centr-o lume \u00een care incertitudinea \u0219i frica de necunoscut sunt la ordinea zilei, profe\u021bia celor trei zile de \u00eentuneric capteaz\u0103 aten\u021bia \u0219i st\u00e2rne\u0219te nelini\u0219ti ad\u00e2nci. Aceast\u0103 viziune misterioas\u0103,&#8230;<\/p>\n","protected":false},"author":91,"featured_media":131958,"comment_status":"","ping_status":"open","sticky":false,"template":"","format":"standard","meta":{"footnotes":""},"categories":[3201],"tags":[60280,79096,103507,103847,84246],"class_list":{"0":"post-131957","1":"post","2":"type-post","3":"status-publish","4":"format-standard","5":"has-post-thumbnail","7":"category-stiinta","8":"tag-apocalipsa","9":"tag-credinta","10":"tag-intuneric","11":"tag-invataturi","12":"tag-profetie"},"_links":{"self":[{"href":"https:\/\/hadnews.com\/ro\/wp-json\/wp\/v2\/posts\/131957","targetHints":{"allow":["GET"]}}],"collection":[{"href":"https:\/\/hadnews.com\/ro\/wp-json\/wp\/v2\/posts"}],"about":[{"href":"https:\/\/hadnews.com\/ro\/wp-json\/wp\/v2\/types\/post"}],"author":[{"embeddable":true,"href":"https:\/\/hadnews.com\/ro\/wp-json\/wp\/v2\/users\/91"}],"replies":[{"embeddable":true,"href":"https:\/\/hadnews.com\/ro\/wp-json\/wp\/v2\/comments?post=131957"}],"version-history":[{"count":0,"href":"https:\/\/hadnews.com\/ro\/wp-json\/wp\/v2\/posts\/131957\/revisions"}],"wp:featuredmedia":[{"embeddable":true,"href":"https:\/\/hadnews.com\/ro\/wp-json\/wp\/v2\/media\/131958"}],"wp:attachment":[{"href":"https:\/\/hadnews.com\/ro\/wp-json\/wp\/v2\/media?parent=131957"}],"wp:term":[{"taxonomy":"category","embeddable":true,"href":"https:\/\/hadnews.com\/ro\/wp-json\/wp\/v2\/categories?post=131957"},{"taxonomy":"post_tag","embeddable":true,"href":"https:\/\/hadnews.com\/ro\/wp-json\/wp\/v2\/tags?post=131957"}],"curies":[{"name":"wp","href":"https:\/\/api.w.org\/{rel}","templated":true}]}}