{"id":132589,"date":"2025-05-06T13:10:25","date_gmt":"2025-05-06T11:10:25","guid":{"rendered":"https:\/\/hadnews.com\/ro\/copiii-descopera-foametea-din-1946-1947\/"},"modified":"2025-05-06T13:10:25","modified_gmt":"2025-05-06T11:10:25","slug":"copiii-descopera-foametea-din-1946-1947","status":"publish","type":"post","link":"https:\/\/hadnews.com\/ro\/copiii-descopera-foametea-din-1946-1947\/","title":{"rendered":"Copiii descoper\u0103 foametea din 1946-1947"},"content":{"rendered":"<h1>Copiii \u00eenva\u021b\u0103 despre foametea din 1946-1947<\/h1>\n<p>Elevii de la liceul \u201eLiviu Deleanu\u201d din Chi\u0219in\u0103u au avut o lec\u021bie important\u0103 care le-a oferit o perspectiv\u0103 asupra uneia dintre cele mai dramatice perioade din istoria recent\u0103 a Moldovei. Pe parcursul lec\u021biei, organizat\u0103 \u00een cadrul unei ini\u021biative educa\u021bionale ce a avut loc \u00een \u00eentreaga \u021bar\u0103 \u00eentre 29 aprilie \u0219i 6 mai, tinerii au fost confrunta\u021bi cu realitatea foametei organizate de sovietici \u00een anii 1946-1947.<\/p>\n<p>Istorici de renume \u0219i autoarea volumului \u201eCartea foametei\u201d, Larisa Turea, au fost invita\u021bi s\u0103 \u00eemp\u0103rt\u0103\u0219easc\u0103 cuno\u0219tin\u021bele \u0219i experien\u021ba lor cu elevii. Aceast\u0103 interac\u021biune direct\u0103 cu speciali\u0219ti din domeniu le-a permis tinerilor s\u0103 \u00een\u021beleag\u0103 nu doar statistici \u0219i date istorice, ci \u0219i impactul devastator al acelor vremuri asupra vie\u021bii oamenilor din Republica Moldova.<\/p>\n<p>Foametea a fost nu doar o criz\u0103 alimentar\u0103, ci \u0219i o tragedie uman\u0103, l\u0103s\u00e2nd urme ad\u00e2nci \u00een memorie \u0219i cultur\u0103. Lec\u021biile de acest gen sunt esen\u021biale pentru educa\u021bia tinerilor, oferind nu doar informa\u021bii, ci \u0219i ocazia de a discuta despre responsabilitatea social\u0103 \u0219i importan\u021ba de a nu uita trecutul.<\/p>\n<p>Activit\u0103\u021bile organizate \u00een timpul acestei s\u0103pt\u0103m\u00e2ni de educa\u021bie istoric\u0103 au avut scopul de a sensibiliza elevii fa\u021b\u0103 de suferin\u021bele \u00eendurate de genera\u021biile anterioare \u0219i de a \u00eencuraja reflec\u021bia asupra valorilor umanit\u0103\u021bii. <\/p>\n<p>\u00centr-o lume \u00een care istoria poate fi uitat\u0103 sau distorsionat\u0103, este esen\u021bial ca tinerii s\u0103 fie educa\u021bi cu privire la realit\u0103\u021bile dificile ale trecutului, astfel \u00eenc\u00e2t lec\u021biile s\u0103 nu fie repetate \u00een viitor. Lec\u021bia de la liceul \u201eLiviu Deleanu\u201d este un exemplu de angajament al educa\u021biei pentru a promova cunoa\u0219terea, empatia \u0219i spiritul critic.<\/p>\n<p><\/p>\n<div class=\"video-container\">\n    <iframe class=\"video\" src=\"https:\/\/www.youtube.com\/embed\/Si-MFam4OXA\" allowfullscreen><\/iframe>\n<\/div>\n<p><i>Video &#8220;Copiii \u00eenva\u021b\u0103 despre foametea din 1946-1947\u201d a fost \u00eenc\u0103rcat pe 06\/05\/2025 pe canalul YouTube <a href=\"https:\/\/www.youtube.com\/channel\/UCGGIVRhyZZLdWTMeBEqX2Vg\" target=\"_blank\"> Europa Liber\u0103 Moldova <\/a><\/i><\/p>\n","protected":false},"excerpt":{"rendered":"<p>Copiii \u00eenva\u021b\u0103 despre foametea din 1946-1947 Elevii de la liceul \u201eLiviu Deleanu\u201d din Chi\u0219in\u0103u au avut o lec\u021bie important\u0103 care le-a oferit o perspectiv\u0103 asupra uneia dintre cele mai dramatice perioade din istoria recent\u0103 a Moldovei. Pe parcursul lec\u021biei,&#8230;<\/p>\n","protected":false},"author":86,"featured_media":132590,"comment_status":"","ping_status":"open","sticky":false,"template":"","format":"standard","meta":{"footnotes":""},"categories":[1],"tags":[3390,104062,104134,60929,104135],"class_list":{"0":"post-132589","1":"post","2":"type-post","3":"status-publish","4":"format-standard","5":"has-post-thumbnail","7":"category-societate","8":"tag-educatie","9":"tag-foamete","10":"tag-historie","11":"tag-liceu","12":"tag-sovietici"},"_links":{"self":[{"href":"https:\/\/hadnews.com\/ro\/wp-json\/wp\/v2\/posts\/132589","targetHints":{"allow":["GET"]}}],"collection":[{"href":"https:\/\/hadnews.com\/ro\/wp-json\/wp\/v2\/posts"}],"about":[{"href":"https:\/\/hadnews.com\/ro\/wp-json\/wp\/v2\/types\/post"}],"author":[{"embeddable":true,"href":"https:\/\/hadnews.com\/ro\/wp-json\/wp\/v2\/users\/86"}],"replies":[{"embeddable":true,"href":"https:\/\/hadnews.com\/ro\/wp-json\/wp\/v2\/comments?post=132589"}],"version-history":[{"count":0,"href":"https:\/\/hadnews.com\/ro\/wp-json\/wp\/v2\/posts\/132589\/revisions"}],"wp:featuredmedia":[{"embeddable":true,"href":"https:\/\/hadnews.com\/ro\/wp-json\/wp\/v2\/media\/132590"}],"wp:attachment":[{"href":"https:\/\/hadnews.com\/ro\/wp-json\/wp\/v2\/media?parent=132589"}],"wp:term":[{"taxonomy":"category","embeddable":true,"href":"https:\/\/hadnews.com\/ro\/wp-json\/wp\/v2\/categories?post=132589"},{"taxonomy":"post_tag","embeddable":true,"href":"https:\/\/hadnews.com\/ro\/wp-json\/wp\/v2\/tags?post=132589"}],"curies":[{"name":"wp","href":"https:\/\/api.w.org\/{rel}","templated":true}]}}