{"id":133101,"date":"2025-05-08T18:47:17","date_gmt":"2025-05-08T16:47:17","guid":{"rendered":"https:\/\/hadnews.com\/ro\/jurnalul-de-la-ora-1900-8-mai-2025\/"},"modified":"2025-05-08T18:47:17","modified_gmt":"2025-05-08T16:47:17","slug":"jurnalul-de-la-ora-1900-8-mai-2025","status":"publish","type":"post","link":"https:\/\/hadnews.com\/ro\/jurnalul-de-la-ora-1900-8-mai-2025\/","title":{"rendered":"Jurnalul de la ora 19:00, 8 mai 2025"},"content":{"rendered":"<p><strong>Jurnalul orei 19:00, 08.05.2025: Sinteza Evenimentelor de Pe Agenda Na\u021bional\u0103 \u0219i Interna\u021bional\u0103<\/strong><\/p>\n<p>\u00cen edi\u021bia de ast\u0103zi a jurnalului, prezentat de Sofia Obad\u0103, se discut\u0103 despre teme de actualitate care au captat aten\u021bia publicului. <\/p>\n<p><strong>1. Glorificarea Sovieticilor: Disputa Filmului Deport\u0103rilor<\/strong><\/p>\n<p>Un subiect controversat a fost adus \u00een discu\u021bie, \u0219i anume glorificarea sovieticilor printr-un nou film dedicat deport\u0103rilor. Produc\u021bia cinematografic\u0103 a st\u00e2rnit controverse \u00een r\u00e2ndul opiniei publice, odat\u0103 cu lansarea sa. Criticii sus\u021bin c\u0103 aceasta ar putea minimaliza suferin\u021bele celor care au fost expu\u0219i deport\u0103rilor, \u00een timp ce sus\u021bin\u0103torii consider\u0103 c\u0103 filmul este un omagiu necesar pentru a nu uita istoria.<\/p>\n<p><strong>2. Acoli\u021bii lui \u0218or, Aduna\u021bi la Moscova<\/strong><\/p>\n<p>Un alt subiect de discu\u021bie a fost \u00eent\u00e2lnirea recent\u0103 a unor membri ai Partidului \u0218or la Moscova. Aceasta a st\u00e2rnit controverse \u0219i specula\u021bii cu privire la inten\u021biile politice ale acestora, av\u00e2nd \u00een vedere contextul geopolitic actual. Mul\u021bi observatori consider\u0103 c\u0103 aceste \u00eent\u00e2lniri ar putea avea un impact asupra peisajului politic din Republica Moldova.<\/p>\n<p><strong>3. Armisti\u021biul Unilateral al lui Putin<\/strong><\/p>\n<p>De asemenea, s-a discutat despre anun\u021bul venit din partea pre\u0219edintelui rus Vladimir Putin, referitor la un armisti\u021biu unilateral. \u00cen acest context, Ucraina a solicitat o perioad\u0103 de pace de 30 de zile, \u00een \u00eencercarea de a reduce tensiunile. Reac\u021biile interna\u021bionale nu au \u00eent\u00e2rziat s\u0103 apar\u0103, iar analiza implica\u021biilor acestei declara\u021bii a fost esen\u021bial\u0103.<\/p>\n<p><strong>4. Politica \u0219i Economia: B\u0103sescu \u0219i Nicu\u0219or Dan<\/strong><\/p>\n<p>\u00cen sfera politic\u0103 rom\u00e2neasc\u0103, fostul pre\u0219edinte Traian B\u0103sescu l-a sus\u021binut pe Nicu\u0219or Dan, afirm\u00e2nd c\u0103 acesta are \u0219anse s\u0103 schimbe fa\u021ba Bucure\u0219tiului. Nicu\u0219or Dan a subliniat c\u0103 economia poate fi salvat\u0103, apel\u00e2nd la un program coerent \u0219i sustenabil. Aceste declara\u021bii vin \u00eentr-un moment \u00een care Rom\u00e2nia se confrunt\u0103 cu provoc\u0103ri economice semnificative.<\/p>\n<p>\u00cen concluzie, edi\u021bia de ast\u0103zi a Jurnalului orei 19:00 ne-a adus \u00een prim-plan teme esen\u021biale, de la reperele istorice p\u00e2n\u0103 la provoc\u0103rile curente din politic\u0103 \u0219i economie. Fiecare dintre subiectele discutate reflect\u0103 complexitatea realit\u0103\u021bii \u00een care tr\u0103im \u0219i ne invit\u0103 la reflec\u021bie \u0219i analiz\u0103 critic\u0103.<\/p>\n<p><\/p>\n<div class=\"video-container\">\n    <iframe class=\"video\" src=\"https:\/\/www.youtube.com\/embed\/otof-NSPWYk\" allowfullscreen><\/iframe>\n<\/div>\n<p><i>Video &#8220;Jurnalul orei 19:00, 08.05.2025\u201d a fost \u00eenc\u0103rcat pe 08\/05\/2025 pe canalul YouTube <a href=\"https:\/\/www.youtube.com\/channel\/UCJYCClZe1UppC6q3XJ4Mp2A\" target=\"_blank\"> Jurnal TV <\/a><\/i><\/p>\n","protected":false},"excerpt":{"rendered":"<p>Jurnalul orei 19:00, 08.05.2025: Sinteza Evenimentelor de Pe Agenda Na\u021bional\u0103 \u0219i Interna\u021bional\u0103 \u00cen edi\u021bia de ast\u0103zi a jurnalului, prezentat de Sofia Obad\u0103, se discut\u0103 despre teme de actualitate care au captat aten\u021bia publicului. 1. Glorificarea Sovieticilor&#8230;<\/p>\n","protected":false},"author":85,"featured_media":133102,"comment_status":"","ping_status":"open","sticky":false,"template":"","format":"standard","meta":{"footnotes":""},"categories":[8158],"tags":[98095,104398,59656,59704,104397],"class_list":{"0":"post-133101","1":"post","2":"type-post","3":"status-publish","4":"format-standard","5":"has-post-thumbnail","7":"category-stiri","8":"tag-armistitiu","9":"tag-deportari","10":"tag-moscova","11":"tag-nicusor-dan","12":"tag-sovieticii"},"_links":{"self":[{"href":"https:\/\/hadnews.com\/ro\/wp-json\/wp\/v2\/posts\/133101","targetHints":{"allow":["GET"]}}],"collection":[{"href":"https:\/\/hadnews.com\/ro\/wp-json\/wp\/v2\/posts"}],"about":[{"href":"https:\/\/hadnews.com\/ro\/wp-json\/wp\/v2\/types\/post"}],"author":[{"embeddable":true,"href":"https:\/\/hadnews.com\/ro\/wp-json\/wp\/v2\/users\/85"}],"replies":[{"embeddable":true,"href":"https:\/\/hadnews.com\/ro\/wp-json\/wp\/v2\/comments?post=133101"}],"version-history":[{"count":0,"href":"https:\/\/hadnews.com\/ro\/wp-json\/wp\/v2\/posts\/133101\/revisions"}],"wp:featuredmedia":[{"embeddable":true,"href":"https:\/\/hadnews.com\/ro\/wp-json\/wp\/v2\/media\/133102"}],"wp:attachment":[{"href":"https:\/\/hadnews.com\/ro\/wp-json\/wp\/v2\/media?parent=133101"}],"wp:term":[{"taxonomy":"category","embeddable":true,"href":"https:\/\/hadnews.com\/ro\/wp-json\/wp\/v2\/categories?post=133101"},{"taxonomy":"post_tag","embeddable":true,"href":"https:\/\/hadnews.com\/ro\/wp-json\/wp\/v2\/tags?post=133101"}],"curies":[{"name":"wp","href":"https:\/\/api.w.org\/{rel}","templated":true}]}}