{"id":134187,"date":"2025-05-14T20:48:16","date_gmt":"2025-05-14T18:48:16","guid":{"rendered":"https:\/\/hadnews.com\/ro\/george-simion-nu-a-participat-la-dezbaterea-cu-micutzu-ce-a-declarat-despre-absenta-sa\/"},"modified":"2025-05-14T20:48:16","modified_gmt":"2025-05-14T18:48:16","slug":"george-simion-nu-a-participat-la-dezbaterea-cu-micutzu-ce-a-declarat-despre-absenta-sa","status":"publish","type":"post","link":"https:\/\/hadnews.com\/ro\/george-simion-nu-a-participat-la-dezbaterea-cu-micutzu-ce-a-declarat-despre-absenta-sa\/","title":{"rendered":"George Simion nu a participat la dezbaterea cu Micutzu. Ce a declarat despre absen\u021ba sa"},"content":{"rendered":"<h3>George Simion Lipse\u0219te de la Dezbaterea lui Micutzu: Ce a Spus Despre Absen\u021ba Sa<\/h3>\n<p>\u00centr-un eveniment mult a\u0219teptat, George Simion, liderul forma\u021biunii politice AUR, a lipsit de la dezbaterea organizat\u0103 pe platforma podcastului lui Micutzu. De\u0219i organizatorii au precizat c\u0103 Simion \u00ee\u0219i confirmase prezen\u021ba, absen\u021ba sa a st\u00e2rnit numeroase specula\u021bii \u0219i discu\u021bii \u00een randul sus\u021bin\u0103torilor \u0219i criticilor deopotriv\u0103.<\/p>\n<p>Motivul invocat de Simion pentru neparticipare a fost c\u0103, dup\u0103 o vizit\u0103 \u00een Polonia, a fost nevoit s\u0103 se deplaseze \u00een Italia. Aceast\u0103 explica\u021bie a fost primit\u0103 cu un amestec de \u00een\u021belegere \u0219i scepticism, av\u00e2nd \u00een vedere importan\u021ba dezbaterii \u00een contextul alegerilor preziden\u021biale care se apropie.<\/p>\n<p>\u00cen contrast, Nicu\u0219or Dan, contracandidatul lui Simion, a fost prezent \u0219i a profitat de ocazie pentru a-\u0219i expune programul electoral. Cu o atitudine \u00eencrez\u0103toare, Dan a detaliat strategia sa pentru formarea unui nou Guvern, subliniind priorit\u0103\u021bile \u0219i viziunea sa pentru \u021bar\u0103. Absen\u021ba lui Simion a creat un spa\u021biu favorabil pentru Dan, care a reu\u0219it s\u0103 atrag\u0103 aten\u021bia asupra planului s\u0103u \u00een lipsa unei confrunt\u0103ri directe.<\/p>\n<p>Aceast\u0103 situa\u021bie ridic\u0103 \u00eentreb\u0103ri cu privire la tacticile adoptate de partidele politice \u00een campania electoral\u0103 \u0219i la importan\u021ba dezbaterilor ca platforme de comunicare \u00eentre candida\u021bi \u0219i electorat. Cu doar c\u00e2teva luni \u00eenainte de alegeri, fiecare decizie luat\u0103 de liderii politici poate avea un impact semnificativ asupra cursului viitor al campaniei.<\/p>\n<p>Continu\u0103m s\u0103 urm\u0103rim evolu\u021biile \u00een aceast\u0103 curs\u0103 electoral\u0103 intens disputat\u0103, fiind preg\u0103ti\u021bi s\u0103 aducem cele mai recente informa\u021bii \u0219i analize cititorilor no\u0219tri.<\/p>\n<p><\/p>\n<div class=\"video-container\">\n    <iframe class=\"video\" src=\"https:\/\/www.youtube.com\/embed\/ftOVaSLz_QE\" allowfullscreen><\/iframe>\n<\/div>\n<p><i>Video &#8220;George Simion n-a mers la dezbaterea lui Micutzu. Ce a spus despre absen\u021ba sa\u201d a fost \u00eenc\u0103rcat pe 14\/05\/2025 pe canalul YouTube <a href=\"https:\/\/www.youtube.com\/channel\/UCbATDExtWstHnwWELZnXNZA\" target=\"_blank\"> Euronews Romania <\/a><\/i><\/p>\n","protected":false},"excerpt":{"rendered":"<p>George Simion Lipse\u0219te de la Dezbaterea lui Micutzu: Ce a Spus Despre Absen\u021ba Sa \u00centr-un eveniment mult a\u0219teptat, George Simion, liderul forma\u021biunii politice AUR, a lipsit de la dezbaterea organizat\u0103 pe platforma podcastului lui Micutzu. De\u0219i organizatorii au&#8230;<\/p>\n","protected":false},"author":84,"featured_media":134188,"comment_status":"","ping_status":"open","sticky":false,"template":"","format":"standard","meta":{"footnotes":""},"categories":[8158],"tags":[13116,62067,74287,59704,60187],"class_list":{"0":"post-134187","1":"post","2":"type-post","3":"status-publish","4":"format-standard","5":"has-post-thumbnail","7":"category-stiri","8":"tag-aur","9":"tag-dezbatere","10":"tag-george-simion","11":"tag-nicusor-dan","12":"tag-strategie"},"_links":{"self":[{"href":"https:\/\/hadnews.com\/ro\/wp-json\/wp\/v2\/posts\/134187","targetHints":{"allow":["GET"]}}],"collection":[{"href":"https:\/\/hadnews.com\/ro\/wp-json\/wp\/v2\/posts"}],"about":[{"href":"https:\/\/hadnews.com\/ro\/wp-json\/wp\/v2\/types\/post"}],"author":[{"embeddable":true,"href":"https:\/\/hadnews.com\/ro\/wp-json\/wp\/v2\/users\/84"}],"replies":[{"embeddable":true,"href":"https:\/\/hadnews.com\/ro\/wp-json\/wp\/v2\/comments?post=134187"}],"version-history":[{"count":0,"href":"https:\/\/hadnews.com\/ro\/wp-json\/wp\/v2\/posts\/134187\/revisions"}],"wp:featuredmedia":[{"embeddable":true,"href":"https:\/\/hadnews.com\/ro\/wp-json\/wp\/v2\/media\/134188"}],"wp:attachment":[{"href":"https:\/\/hadnews.com\/ro\/wp-json\/wp\/v2\/media?parent=134187"}],"wp:term":[{"taxonomy":"category","embeddable":true,"href":"https:\/\/hadnews.com\/ro\/wp-json\/wp\/v2\/categories?post=134187"},{"taxonomy":"post_tag","embeddable":true,"href":"https:\/\/hadnews.com\/ro\/wp-json\/wp\/v2\/tags?post=134187"}],"curies":[{"name":"wp","href":"https:\/\/api.w.org\/{rel}","templated":true}]}}