{"id":134207,"date":"2025-05-14T23:51:20","date_gmt":"2025-05-14T21:51:20","guid":{"rendered":"https:\/\/hadnews.com\/ro\/ludovic-orban-simion-a-refuzat-clar-o-confruntare-directa-cu-nicusor-dan\/"},"modified":"2025-05-14T23:51:20","modified_gmt":"2025-05-14T21:51:20","slug":"ludovic-orban-simion-a-refuzat-clar-o-confruntare-directa-cu-nicusor-dan","status":"publish","type":"post","link":"https:\/\/hadnews.com\/ro\/ludovic-orban-simion-a-refuzat-clar-o-confruntare-directa-cu-nicusor-dan\/","title":{"rendered":"Ludovic Orban: Simion a refuzat clar o confruntare direct\u0103 cu Nicu\u0219or Dan"},"content":{"rendered":"<h1>Ludovic Orban: Simion a Refuzat Categoric s\u0103 se Mai Confrunte Direct cu Nicu\u0219or Dan<\/h1>\n<p>\u00centr-o declara\u021bie recent\u0103, Ludovic Orban, pre\u0219edintele partidului For\u021ba Dreptei, a adus \u00een discu\u021bie refuzul lui George Simion de a participa la confruntarea direct\u0103 cu Nicu\u0219or Dan, dup\u0103 dezbaterea organizat\u0103 de Euronews Rom\u00e2nia. Aceast\u0103 alegere a lui Simion a fost interpretat\u0103 de Orban ca un semn de lips\u0103 de respect fa\u021b\u0103 de rom\u00e2ni, subliniind importan\u021ba transparen\u021bei \u0219i a dialogului \u00een politica rom\u00e2neasc\u0103.<\/p>\n<p>Potrivit lui Orban, confruntarea direct\u0103 \u00eentre candida\u021bi este esen\u021bial\u0103 pentru a permite aleg\u0103torilor s\u0103 \u00ee\u0219i formeze o opinie bine fundamentat\u0103 \u00eenainte de a lua o decizie la vot. \u201eOri de c\u00e2te ori un candidat evit\u0103 s\u0103 \u00ee\u0219i expun\u0103 ideile \u0219i viziunea \u00een fa\u021ba adversarului, se deschide u\u0219a nep\u0103s\u0103rii \u0219i a dezechilibrului \u00een procesul electoral\u201d, a ad\u0103ugat fostul premier.<\/p>\n<p>Pe de alt\u0103 parte, Orban a exprimat optimism cu privire la \u0219ansele lui Nicu\u0219or Dan de a c\u00e2\u0219tiga alegerile, estim\u00e2nd c\u0103, \u00een condi\u021biile unei prezen\u021be la vot de aproximativ 64%, candidatul ar avea o pozi\u021bie favorabil\u0103. Aceast\u0103 prognoz\u0103 reitereaz\u0103 \u00eencrederea pre\u0219edintelui For\u021ba Dreptei \u00een abilit\u0103\u021bile lui Dan de a atrage sprijinul electoratului, mai ales \u00een contextul contest\u0103rilor recente din r\u00e2ndul oponen\u021bilor politici.<\/p>\n<p>\u00cen concluzie, situa\u021bia tensionat\u0103 dintre George Simion \u0219i Nicu\u0219or Dan adaug\u0103 un strat interesant \u00een dinamica alegerilor rom\u00e2ne\u0219ti, accentu\u00e2nd nevoia de discu\u021bii deschise \u0219i oneste \u00een fa\u021ba aleg\u0103torilor. Astfel, dezbaterile publice r\u0103m\u00e2n un element crucial \u00een modelarea peisajului politic din Rom\u00e2nia.<\/p>\n<p><\/p>\n<div class=\"video-container\">\n    <iframe class=\"video\" src=\"https:\/\/www.youtube.com\/embed\/C4JiM0XzWYQ\" allowfullscreen><\/iframe>\n<\/div>\n<p><i>Video &#8220;Ludovic Orban: Simion a refuzat categoric s\u0103 se mai confrunte direct cu Nicu\u0219or Dan\u201d a fost \u00eenc\u0103rcat pe 14\/05\/2025 pe canalul YouTube <a href=\"https:\/\/www.youtube.com\/channel\/UCbATDExtWstHnwWELZnXNZA\" target=\"_blank\"> Euronews Romania <\/a><\/i><\/p>\n","protected":false},"excerpt":{"rendered":"<p>Ludovic Orban: Simion a Refuzat Categoric s\u0103 se Mai Confrunte Direct cu Nicu\u0219or Dan \u00centr-o declara\u021bie recent\u0103, Ludovic Orban, pre\u0219edintele partidului For\u021ba Dreptei, a adus \u00een discu\u021bie refuzul lui George Simion de a participa la confruntarea direct\u0103 cu Nicu\u0219or&#8230;<\/p>\n","protected":false},"author":84,"featured_media":134208,"comment_status":"","ping_status":"open","sticky":false,"template":"","format":"standard","meta":{"footnotes":""},"categories":[8158],"tags":[62067,92879,74287,105038,59704],"class_list":{"0":"post-134207","1":"post","2":"type-post","3":"status-publish","4":"format-standard","5":"has-post-thumbnail","7":"category-stiri","8":"tag-dezbatere","9":"tag-forta-dreptei","10":"tag-george-simion","11":"tag-ludovic-orban","12":"tag-nicusor-dan"},"_links":{"self":[{"href":"https:\/\/hadnews.com\/ro\/wp-json\/wp\/v2\/posts\/134207","targetHints":{"allow":["GET"]}}],"collection":[{"href":"https:\/\/hadnews.com\/ro\/wp-json\/wp\/v2\/posts"}],"about":[{"href":"https:\/\/hadnews.com\/ro\/wp-json\/wp\/v2\/types\/post"}],"author":[{"embeddable":true,"href":"https:\/\/hadnews.com\/ro\/wp-json\/wp\/v2\/users\/84"}],"replies":[{"embeddable":true,"href":"https:\/\/hadnews.com\/ro\/wp-json\/wp\/v2\/comments?post=134207"}],"version-history":[{"count":0,"href":"https:\/\/hadnews.com\/ro\/wp-json\/wp\/v2\/posts\/134207\/revisions"}],"wp:featuredmedia":[{"embeddable":true,"href":"https:\/\/hadnews.com\/ro\/wp-json\/wp\/v2\/media\/134208"}],"wp:attachment":[{"href":"https:\/\/hadnews.com\/ro\/wp-json\/wp\/v2\/media?parent=134207"}],"wp:term":[{"taxonomy":"category","embeddable":true,"href":"https:\/\/hadnews.com\/ro\/wp-json\/wp\/v2\/categories?post=134207"},{"taxonomy":"post_tag","embeddable":true,"href":"https:\/\/hadnews.com\/ro\/wp-json\/wp\/v2\/tags?post=134207"}],"curies":[{"name":"wp","href":"https:\/\/api.w.org\/{rel}","templated":true}]}}