{"id":134583,"date":"2025-05-16T17:36:05","date_gmt":"2025-05-16T15:36:05","guid":{"rendered":"https:\/\/hadnews.com\/ro\/votare-live-veti-participa-duminica\/"},"modified":"2025-05-16T17:36:05","modified_gmt":"2025-05-16T15:36:05","slug":"votare-live-veti-participa-duminica","status":"publish","type":"post","link":"https:\/\/hadnews.com\/ro\/votare-live-veti-participa-duminica\/","title":{"rendered":"Votare Live: Ve\u021bi participa duminic\u0103?"},"content":{"rendered":"<h3>Ve\u021bi merge la vot duminic\u0103? \u00centrebarea care st\u00e2rne\u0219te dezbateri \u00een Rom\u00e2nia<\/h3>\n<p>S-a dat startul pentru turul al doilea al alegerilor preziden\u021biale, un moment istoric pentru Rom\u00e2nia, marcat de intensitate \u0219i emo\u021bie. Aceste alegeri sunt considerate cele mai importante din ultimii 35 de ani, av\u00e2nd loc \u00eentr-un context de schimb\u0103ri majore \u0219i provoc\u0103ri sociale. Votul a \u00eenceput deja \u00een Noua Zeeland\u0103, Australia \u0219i \u00een diverse \u021b\u0103ri asiatice, unde rom\u00e2nii din diaspor\u0103 au avut ocazia s\u0103 \u00ee\u0219i exprime op\u021biunile.<\/p>\n<p>\u00cen Rom\u00e2nia, ceasul tic\u0103ie, iar campania se apropie de final. \u00cen ultimele ore, candida\u021bii \u00ee\u0219i intensific\u0103 mesajele, iar sus\u021bin\u0103torii lor dau dovad\u0103 de un entuziasm contagios. Atmosfera este electric\u0103, iar \u00eentrebarea pe buzele tuturor este: \u201eVe\u021bi merge la vot duminic\u0103?\u201d.<\/p>\n<p>Pentru a discuta despre importan\u021ba acestui moment \u0219i despre implicarea cet\u0103\u021benilor \u00een procesul electoral, echipa Digi24, reprezentat\u0103 de Alexandru Rotaru \u0219i Roxana L\u0103z\u0103rescu, va aduce r\u0103spunsurile rom\u00e2nilor \u00een format LIVE. Ace\u0219tia vor intervieva cet\u0103\u021beni din diferite col\u021buri ale \u021b\u0103rii, pentru a afla ce i-a motivat s\u0103 participe sau, dimpotriv\u0103, ce \u00eei re\u021bine.<\/p>\n<p>Alegerile preziden\u021biale nu sunt doar o oportunitate de a alege un lider, ci \u0219i o ocazie de a ne exprima dorin\u021bele \u0219i nevoile ca societate. Este vital ca fiecare vot s\u0103 fie considerat o voce \u00een cadrul democra\u021biei, iar participarea masiv\u0103 a cet\u0103\u021benilor la vot poate schimba direc\u021bia \u021b\u0103rii pentru urm\u0103torii ani.<\/p>\n<p>A\u0219adar, fie c\u0103 sunte\u021bi \u00een Rom\u00e2nia sau \u00een diaspora, este important s\u0103 reflecta\u021bi la importan\u021ba votului. \u00cen aceast\u0103 edi\u021bie special\u0103, echipa Digi24 va sublinia nu doar opiniile, ci \u0219i emo\u021biile \u0219i a\u0219tept\u0103rile rom\u00e2nilor \u00een fa\u021ba acestui moment crucial. Fiecare vot conteaz\u0103, iar duminic\u0103, Rom\u00e2nia are nevoie de implicarea voastr\u0103!<\/p>\n<p><\/p>\n<div class=\"video-container\">\n    <iframe class=\"video\" src=\"https:\/\/www.youtube.com\/embed\/c9tiq_6mi70\" allowfullscreen><\/iframe>\n<\/div>\n<p><i>Video &#8220;LIVE. Ve\u021bi merge la vot duminic\u0103? (I)\u201d a fost \u00eenc\u0103rcat pe 16\/05\/2025 pe canalul YouTube <a href=\"https:\/\/www.youtube.com\/channel\/UCbvKamSrJkwT6ed2BMMZXwg\" target=\"_blank\"> Digi24HD <\/a><\/i><\/p>\n","protected":false},"excerpt":{"rendered":"<p>Ve\u021bi merge la vot duminic\u0103? \u00centrebarea care st\u00e2rne\u0219te dezbateri \u00een Rom\u00e2nia S-a dat startul pentru turul al doilea al alegerilor preziden\u021biale, un moment istoric pentru Rom\u00e2nia, marcat de intensitate \u0219i emo\u021bie. Aceste alegeri sunt considerate cele mai&#8230;<\/p>\n","protected":false},"author":83,"featured_media":134584,"comment_status":"","ping_status":"open","sticky":false,"template":"","format":"standard","meta":{"footnotes":""},"categories":[8158],"tags":[3659,60048,97460,14557,61501],"class_list":{"0":"post-134583","1":"post","2":"type-post","3":"status-publish","4":"format-standard","5":"has-post-thumbnail","7":"category-stiri","8":"tag-alegeri","9":"tag-diaspora","10":"tag-duminica","11":"tag-stiri","12":"tag-vot"},"_links":{"self":[{"href":"https:\/\/hadnews.com\/ro\/wp-json\/wp\/v2\/posts\/134583","targetHints":{"allow":["GET"]}}],"collection":[{"href":"https:\/\/hadnews.com\/ro\/wp-json\/wp\/v2\/posts"}],"about":[{"href":"https:\/\/hadnews.com\/ro\/wp-json\/wp\/v2\/types\/post"}],"author":[{"embeddable":true,"href":"https:\/\/hadnews.com\/ro\/wp-json\/wp\/v2\/users\/83"}],"replies":[{"embeddable":true,"href":"https:\/\/hadnews.com\/ro\/wp-json\/wp\/v2\/comments?post=134583"}],"version-history":[{"count":0,"href":"https:\/\/hadnews.com\/ro\/wp-json\/wp\/v2\/posts\/134583\/revisions"}],"wp:featuredmedia":[{"embeddable":true,"href":"https:\/\/hadnews.com\/ro\/wp-json\/wp\/v2\/media\/134584"}],"wp:attachment":[{"href":"https:\/\/hadnews.com\/ro\/wp-json\/wp\/v2\/media?parent=134583"}],"wp:term":[{"taxonomy":"category","embeddable":true,"href":"https:\/\/hadnews.com\/ro\/wp-json\/wp\/v2\/categories?post=134583"},{"taxonomy":"post_tag","embeddable":true,"href":"https:\/\/hadnews.com\/ro\/wp-json\/wp\/v2\/tags?post=134583"}],"curies":[{"name":"wp","href":"https:\/\/api.w.org\/{rel}","templated":true}]}}