{"id":135535,"date":"2025-05-21T20:56:15","date_gmt":"2025-05-21T18:56:15","guid":{"rendered":"https:\/\/hadnews.com\/ro\/jurnal-tv-news-may-21-2025\/"},"modified":"2025-05-21T20:56:15","modified_gmt":"2025-05-21T18:56:15","slug":"jurnal-tv-news-may-21-2025","status":"publish","type":"post","link":"https:\/\/hadnews.com\/ro\/jurnal-tv-news-may-21-2025\/","title":{"rendered":"Jurnal TV News, May 21, 2025"},"content":{"rendered":"<p><strong>Jurnal TV &#8211; \u0218tirile Zilei, 21 Mai 2025<\/strong><\/p>\n<p>\u00cen edi\u021bia din 21 mai 2025 a jurnalului de \u0219tiri Jurnal TV, continu\u0103m s\u0103 aducem \u00een aten\u021bia publicului cele mai importante evenimente interne \u0219i interna\u021bionale. Reporterii no\u0219tri au preg\u0103tit un rezumat cuprinz\u0103tor al principalelor subiecte care ne afecteaz\u0103 societatea \u0219i economia.<\/p>\n<p>Printre temele centrale discutate \u00een aceast\u0103 zi se num\u0103r\u0103:<\/p>\n<ol>\n<li>\n<p><strong>Situa\u021bia economic\u0103 \u0219i m\u0103surile guvernamentale<\/strong> &#8211; \u00cen contextul crizei economice globale, reporterii no\u0219tri analizeaz\u0103 m\u0103surile propuse de guvern pentru sprijinirea popula\u021biei \u0219i companiilor afectate. Vom discuta \u0219i despre efectele acestor m\u0103suri asupra pie\u021bei muncii \u0219i despre perspectivele pe termen lung.<\/p>\n<\/li>\n<li>\n<p><strong>Evenimente culturale<\/strong> &#8211; S\u0103pt\u0103m\u00e2na aceasta a marcat deschiderea unui nou festival cultural \u00een capital\u0103, aduc\u00e2nd \u00eempreun\u0103 arti\u0219ti din diverse domenii. Jurnal TV v\u0103 va oferi un prim-plan al activit\u0103\u021bilor \u0219i interviuri cu organizatorii \u0219i participan\u021bii, care \u00ee\u0219i propun s\u0103 promoveze tradi\u021biile \u0219i arta local\u0103.<\/p>\n<\/li>\n<li>\n<p><strong>Probleme sociale<\/strong> &#8211; O sec\u021biune dedicat\u0103 problemelor sociale actuale, cum ar fi educa\u021bia \u0219i s\u0103n\u0103tatea, va fi inclus\u0103 \u00een aceast\u0103 emisiune. Diferen\u021bele dintre mediul urban \u0219i rural \u00een accesul la servicii esen\u021biale vor fi discutate detaliat, al\u0103turi de m\u0103suri necesare pentru \u00eembun\u0103t\u0103\u021birea situa\u021biei.<\/p>\n<\/li>\n<li>\n<p><strong>Actualitate interna\u021bional\u0103<\/strong> &#8211; \u00cen segmentul dedicat \u0219tirilor interna\u021bionale, Jurnal TV va explora cele mai recente evenimente din lume, inclusiv tensiunile geopolitice din anumite regiuni \u0219i impactul lor global. Oamenii de \u0219tiin\u021b\u0103 \u0219i anali\u0219tii no\u0219tri vor oferi perspective valoroase asupra acestor subiecte.<\/p>\n<\/li>\n<li><strong>Sport<\/strong> &#8211; Ultimele nout\u0103\u021bi din lumea sportului vor fi prezentate, cu accent pe performan\u021bele atletice ale sportivilor locali la competi\u021bii interna\u021bionale. De asemenea, vom urm\u0103ri evolu\u021bia echipelor na\u021bionale \u0219i a cluburilor din campionatele interne.<\/li>\n<\/ol>\n<p>Jurnalul nostru v\u0103 ofer\u0103 o privire detaliat\u0103 asupra acestor subiecte esen\u021biale, \u00eenso\u021bit\u0103 de reportaje, interviuri exclusive \u0219i analize pertinente. R\u0103m\u00e2ne\u021bi al\u0103turi de noi pentru informa\u021bii complete \u0219i corecte despre evenimentele care conteaz\u0103 pentru comunitatea noastr\u0103.<\/p>\n<p><\/p>\n<div class=\"video-container\">\n    <iframe class=\"video\" src=\"https:\/\/www.youtube.com\/embed\/yK7KAkrzPVw\" allowfullscreen><\/iframe>\n<\/div>\n<p><i>Video &#8220;\u041d\u043e\u0432\u043e\u0441\u0442\u0438 Jurnal TV, 21.05.2025\u201d a fost \u00eenc\u0103rcat pe 21\/05\/2025 pe canalul YouTube <a href=\"https:\/\/www.youtube.com\/channel\/UCJYCClZe1UppC6q3XJ4Mp2A\" target=\"_blank\"> Jurnal TV <\/a><\/i><\/p>\n","protected":false},"excerpt":{"rendered":"<p>Jurnal TV &#8211; \u0218tirile Zilei, 21 Mai 2025 \u00cen edi\u021bia din 21 mai 2025 a jurnalului de \u0219tiri Jurnal TV, continu\u0103m s\u0103 aducem \u00een aten\u021bia publicului cele mai importante evenimente interne \u0219i interna\u021bionale. Reporterii no\u0219tri au preg\u0103tit un rezumat cuprinz\u0103tor al&#8230;<\/p>\n","protected":false},"author":85,"featured_media":135536,"comment_status":"","ping_status":"open","sticky":false,"template":"","format":"standard","meta":{"footnotes":""},"categories":[8158],"tags":[6171,12425,105755,65150,105756],"class_list":{"0":"post-135535","1":"post","2":"type-post","3":"status-publish","4":"format-standard","5":"has-post-thumbnail","7":"category-stiri","8":"tag-facebook","9":"tag-instagram","10":"tag-105755","11":"tag-65150","12":"tag-_"},"_links":{"self":[{"href":"https:\/\/hadnews.com\/ro\/wp-json\/wp\/v2\/posts\/135535","targetHints":{"allow":["GET"]}}],"collection":[{"href":"https:\/\/hadnews.com\/ro\/wp-json\/wp\/v2\/posts"}],"about":[{"href":"https:\/\/hadnews.com\/ro\/wp-json\/wp\/v2\/types\/post"}],"author":[{"embeddable":true,"href":"https:\/\/hadnews.com\/ro\/wp-json\/wp\/v2\/users\/85"}],"replies":[{"embeddable":true,"href":"https:\/\/hadnews.com\/ro\/wp-json\/wp\/v2\/comments?post=135535"}],"version-history":[{"count":0,"href":"https:\/\/hadnews.com\/ro\/wp-json\/wp\/v2\/posts\/135535\/revisions"}],"wp:featuredmedia":[{"embeddable":true,"href":"https:\/\/hadnews.com\/ro\/wp-json\/wp\/v2\/media\/135536"}],"wp:attachment":[{"href":"https:\/\/hadnews.com\/ro\/wp-json\/wp\/v2\/media?parent=135535"}],"wp:term":[{"taxonomy":"category","embeddable":true,"href":"https:\/\/hadnews.com\/ro\/wp-json\/wp\/v2\/categories?post=135535"},{"taxonomy":"post_tag","embeddable":true,"href":"https:\/\/hadnews.com\/ro\/wp-json\/wp\/v2\/tags?post=135535"}],"curies":[{"name":"wp","href":"https:\/\/api.w.org\/{rel}","templated":true}]}}