{"id":135557,"date":"2025-05-22T02:54:21","date_gmt":"2025-05-22T00:54:21","guid":{"rendered":"https:\/\/hadnews.com\/ro\/criza-in-pot-demisii-in-randul-parlamentarilor\/"},"modified":"2025-05-22T02:54:21","modified_gmt":"2025-05-22T00:54:21","slug":"criza-in-pot-demisii-in-randul-parlamentarilor","status":"publish","type":"post","link":"https:\/\/hadnews.com\/ro\/criza-in-pot-demisii-in-randul-parlamentarilor\/","title":{"rendered":"Criz\u0103 \u00een POT: Demisii \u00een r\u00e2ndul parlamentarilor"},"content":{"rendered":"<h1>Criz\u0103 \u00een POT: Demisii \u00een Lan\u021b \u00een R\u00e2ndul Parlamentarilor<\/h1>\n<p>Partidul Oamenilor Tineri (POT) se confrunt\u0103 cu o criz\u0103 politic\u0103 de propor\u021bii, \u00een urma anun\u021bului oficial al \u0219ase deputa\u021bi care au decis s\u0103 p\u0103r\u0103seasc\u0103 forma\u021biunea. \u00centre ace\u0219tia se num\u0103r\u0103 nume cunoscute pe scena politic\u0103, cum ar fi Aurora Simu-T\u0103\u0219ic\u0103, Dumitri\u021ba Albu, Lucian Andru\u0219c\u0103, Andrei Csillag, C\u0103lin Groza \u0219i Gheorghe P\u00eecli\u0219an.<\/p>\n<p>Aceast\u0103 serie de demisii ridic\u0103 semne de \u00eentrebare cu privire la stabilitatea \u0219i viitorul Partidului Oamenilor Tineri, care \u00een ultimii ani a \u00eencercat s\u0103 \u00ee\u0219i contureze o identitate distinct\u0103 \u00een peisajul politic rom\u00e2nesc. Deciziile parlamentarilor de a se distan\u021ba de POT sugereaz\u0103 o posibil\u0103 criz\u0103 de leadership \u0219i o ne\u00een\u021belegere a direc\u021biei strategice a partidului.<\/p>\n<p>Demisiile vin pe fondul unor tensiuni interne ce au fost sesizate \u00een ultima perioad\u0103, iar liderii partidului se afl\u0103 \u00een fa\u021ba unei provoc\u0103ri semnificative de a reconstrui \u00eencrederea \u0219i unitatea \u00een r\u00e2ndul membrilor r\u0103ma\u0219i. Este clar c\u0103 aceste schimb\u0103ri vor avea un impact considerabil asupra activit\u0103\u021bilor legislative \u0219i a strategiilor electorale ale POT.<\/p>\n<p>\u00cen aceast\u0103 perioad\u0103 tumultoas\u0103, este esen\u021bial pentru Partidul Oamenilor Tineri s\u0103 \u00ee\u0219i reevalueze obiectivele \u0219i s\u0103 dezvolte o viziune coerent\u0103 care s\u0103 atrag\u0103 \u0219i s\u0103 motiveze at\u00e2t electoratul, c\u00e2t \u0219i membrii de partid. R\u0103m\u00e2ne de v\u0103zut cum va reac\u021biona conducerea POT la aceste provoc\u0103ri \u0219i ce m\u0103suri va implementa pentru a preveni o deteriorare suplimentar\u0103 a situa\u021biei. <\/p>\n<p>Pe fondul acestor evenimente, observatorii politici din Rom\u00e2nia \u00ee\u0219i \u00eendreapt\u0103 aten\u021bia c\u0103tre POT, anticip\u00e2nd posibile reac\u021bii \u0219i strategii care ar putea influen\u021ba viitorul acestui partid pe scena politic\u0103.<\/p>\n<p><\/p>\n<div class=\"video-container\">\n    <iframe class=\"video\" src=\"https:\/\/www.youtube.com\/embed\/jMpVxzf59VM\" allowfullscreen><\/iframe>\n<\/div>\n<p><i>Video &#8220;Criz\u0103 \u00een POT: Mai mul\u021bi parlamentari au demisionat\u201d a fost \u00eenc\u0103rcat pe 21\/05\/2025 pe canalul YouTube <a href=\"https:\/\/www.youtube.com\/channel\/UCbATDExtWstHnwWELZnXNZA\" target=\"_blank\"> Euronews Romania <\/a><\/i><\/p>\n","protected":false},"excerpt":{"rendered":"<p>Criz\u0103 \u00een POT: Demisii \u00een Lan\u021b \u00een R\u00e2ndul Parlamentarilor Partidul Oamenilor Tineri (POT) se confrunt\u0103 cu o criz\u0103 politic\u0103 de propor\u021bii, \u00een urma anun\u021bului oficial al \u0219ase deputa\u021bi care au decis s\u0103 p\u0103r\u0103seasc\u0103 forma\u021biunea. \u00centre ace\u0219tia se num\u0103r\u0103 nume cunoscute pe&#8230;<\/p>\n","protected":false},"author":84,"featured_media":135558,"comment_status":"","ping_status":"open","sticky":false,"template":"","format":"standard","meta":{"footnotes":""},"categories":[8158],"tags":[85678,3801,84320,83413,105762],"class_list":{"0":"post-135557","1":"post","2":"type-post","3":"status-publish","4":"format-standard","5":"has-post-thumbnail","7":"category-stiri","8":"tag-criza-politica","9":"tag-demisie","10":"tag-echipa","11":"tag-parlamentari","12":"tag-partidul-oamenilor-tineri"},"_links":{"self":[{"href":"https:\/\/hadnews.com\/ro\/wp-json\/wp\/v2\/posts\/135557","targetHints":{"allow":["GET"]}}],"collection":[{"href":"https:\/\/hadnews.com\/ro\/wp-json\/wp\/v2\/posts"}],"about":[{"href":"https:\/\/hadnews.com\/ro\/wp-json\/wp\/v2\/types\/post"}],"author":[{"embeddable":true,"href":"https:\/\/hadnews.com\/ro\/wp-json\/wp\/v2\/users\/84"}],"replies":[{"embeddable":true,"href":"https:\/\/hadnews.com\/ro\/wp-json\/wp\/v2\/comments?post=135557"}],"version-history":[{"count":0,"href":"https:\/\/hadnews.com\/ro\/wp-json\/wp\/v2\/posts\/135557\/revisions"}],"wp:featuredmedia":[{"embeddable":true,"href":"https:\/\/hadnews.com\/ro\/wp-json\/wp\/v2\/media\/135558"}],"wp:attachment":[{"href":"https:\/\/hadnews.com\/ro\/wp-json\/wp\/v2\/media?parent=135557"}],"wp:term":[{"taxonomy":"category","embeddable":true,"href":"https:\/\/hadnews.com\/ro\/wp-json\/wp\/v2\/categories?post=135557"},{"taxonomy":"post_tag","embeddable":true,"href":"https:\/\/hadnews.com\/ro\/wp-json\/wp\/v2\/tags?post=135557"}],"curies":[{"name":"wp","href":"https:\/\/api.w.org\/{rel}","templated":true}]}}