{"id":137441,"date":"2025-06-01T16:22:15","date_gmt":"2025-06-01T14:22:15","guid":{"rendered":"https:\/\/hadnews.com\/ro\/roxana-goia-am-plecat-strain-prin-lume-folclor\/"},"modified":"2025-06-01T16:22:15","modified_gmt":"2025-06-01T14:22:15","slug":"roxana-goia-am-plecat-strain-prin-lume-folclor","status":"publish","type":"post","link":"https:\/\/hadnews.com\/ro\/roxana-goia-am-plecat-strain-prin-lume-folclor\/","title":{"rendered":"Roxana Goia: &#8220;Am plecat str\u0103in prin lume!&#8221; #Folclor"},"content":{"rendered":"<h1>Roxana Goia: \u201eAm plecat str\u0103in prin lume!\u201d \u2013 O Pies\u0103 Ce R\u0103sun\u0103 \u00een Inimile Nostre<\/h1>\n<p>Pe 30 mai 2025, emisiunea \u201eC\u00e2ntecul de Acas\u0103\u201d de la TVR Timi\u0219oara a fost martora unui moment artistic deosebit, c\u00e2nd Roxana Goia a interpretat \u00een premier\u0103 piesa \u201eAm plecat str\u0103in prin lume\u201d. Aceast\u0103 melodie, adaptat\u0103 din tradi\u021bia folcloric\u0103 rom\u00e2neasc\u0103, \u00eencapsuleaz\u0103 sentimentele de dor \u0219i nostalgie care ne pot cuprinde pe to\u021bi cei care am fost nevoi\u021bi s\u0103 ne dep\u0103rt\u0103m de locurile natale.<\/p>\n<h3>O Poveste de Via\u021b\u0103<\/h3>\n<p>Versurile piesei, scrise de Felicia Stoian, reflect\u0103 drama \u0219i bucuriile omului plecat la c\u0103utarea unui nou rost. Roxana Goia transform\u0103 fiecare vers \u00eentr-o m\u0103rturisire profund\u0103, evoc\u00e2nd o \u021bar\u0103 pe care mul\u021bi dintre noi o purt\u0103m \u00een inim\u0103, chiar \u0219i atunci c\u00e2nd suntem departe. \u201eDor de fra\u021bi \u0219i de ai mei ortaci\u201d \u2013 aceast\u0103 fraz\u0103 face ecou \u00een sufletele rom\u00e2nilor de pretutindeni, amintindu-ne de leg\u0103turile care nu se rup niciodat\u0103, indiferent de distan\u021b\u0103.<\/p>\n<h3>O Interpretare Autentic\u0103<\/h3>\n<p>Piesa beneficiaz\u0103 de o interpretare autentic\u0103, plin\u0103 de emotie, iar Roxana Goia reu\u0219e\u0219te s\u0103 transmit\u0103 nu doar cuvintele, ci \u0219i \u00eentreaga atmosfer\u0103 a dorului de acas\u0103. Melodia, cu r\u0103d\u0103cini ad\u00e2nci \u00een muzica popular\u0103 rom\u00e2neasc\u0103, este o combina\u021bie \u00eentre modernitate \u0219i tradi\u021bie, f\u0103c\u00e2nd-o accesibil\u0103 \u0219i atractiv\u0103 pentru toate genera\u021biile.<\/p>\n<h3>Apelul la \u00centoarcere<\/h3>\n<p>Refrenul piesei este un \u00eendemn la \u00eentoarcerea acas\u0103, la valorile care ne definesc. \u201e\u00cen vremea ce-o s\u0103 vie \/ M\u0103 \u00eentorc acas la mine!\u201d \u2013 cu aceste versuri Roxana Goia ne reaminte\u0219te c\u0103, indiferent de dificult\u0103\u021bile \u00eent\u00e2mpinate, casa \u0219i familia reprezint\u0103 mereu un punct de plecare \u0219i re\u00eentoarcere.<\/p>\n<h3>Concluzie<\/h3>\n<p>\u201eAm plecat str\u0103in prin lume\u201d nu este doar o melodie, ci un manifest al identit\u0103\u021bii rom\u00e2ne\u0219ti. \u00centr-o lume tot mai globalizat\u0103, Roxana Goia ne aduce un omagiu puternic tradi\u021biilor noastre, invit\u00e2ndu-ne s\u0103 ne reconect\u0103m cu cine suntem cu adev\u0103rat. Emisiunea \u201eC\u00e2ntecul de Acas\u0103\u201d a reu\u0219it din nou s\u0103 pun\u0103 \u00een lumina reflectoarelor talente autentice, iar Roxana Goia r\u0103m\u00e2ne o artist\u0103 de urm\u0103rit.<\/p>\n<p><\/p>\n<div class=\"video-container\">\n    <iframe class=\"video\" src=\"https:\/\/www.youtube.com\/embed\/rw_nBprAZNo\" allowfullscreen><\/iframe>\n<\/div>\n<p><i>Video &#8220;Roxana Goia: &#8220;Am plecat str\u0103in prin lume!&#8221; #Folclor @TVRTM\u201d a fost \u00eenc\u0103rcat pe 01\/06\/2025 pe canalul YouTube <a href=\"https:\/\/www.youtube.com\/channel\/UC4s2jV969piEO6spzzxWnIQ\" target=\"_blank\"> TVR Timi\u015foara <\/a><\/i><\/p>\n","protected":false},"excerpt":{"rendered":"<p>Roxana Goia: \u201eAm plecat str\u0103in prin lume!\u201d \u2013 O Pies\u0103 Ce R\u0103sun\u0103 \u00een Inimile Nostre Pe 30 mai 2025, emisiunea \u201eC\u00e2ntecul de Acas\u0103\u201d de la TVR Timi\u0219oara a fost martora unui moment artistic deosebit, c\u00e2nd Roxana Goia a interpretat \u00een premier\u0103 piesa \u201eAm plecat str\u0103in&#8230;<\/p>\n","protected":false},"author":88,"featured_media":137442,"comment_status":"","ping_status":"open","sticky":false,"template":"","format":"standard","meta":{"footnotes":""},"categories":[8158],"tags":[106833,61662,3720,2271,106832,20265,95514],"class_list":{"0":"post-137441","1":"post","2":"type-post","3":"status-publish","4":"format-standard","5":"has-post-thumbnail","7":"category-stiri","8":"tag-canteculdeacasa","9":"tag-folclor","10":"tag-muzica","11":"tag-romania","12":"tag-rtvtimisoara","13":"tag-timisoara","14":"tag-traditional"},"_links":{"self":[{"href":"https:\/\/hadnews.com\/ro\/wp-json\/wp\/v2\/posts\/137441","targetHints":{"allow":["GET"]}}],"collection":[{"href":"https:\/\/hadnews.com\/ro\/wp-json\/wp\/v2\/posts"}],"about":[{"href":"https:\/\/hadnews.com\/ro\/wp-json\/wp\/v2\/types\/post"}],"author":[{"embeddable":true,"href":"https:\/\/hadnews.com\/ro\/wp-json\/wp\/v2\/users\/88"}],"replies":[{"embeddable":true,"href":"https:\/\/hadnews.com\/ro\/wp-json\/wp\/v2\/comments?post=137441"}],"version-history":[{"count":0,"href":"https:\/\/hadnews.com\/ro\/wp-json\/wp\/v2\/posts\/137441\/revisions"}],"wp:featuredmedia":[{"embeddable":true,"href":"https:\/\/hadnews.com\/ro\/wp-json\/wp\/v2\/media\/137442"}],"wp:attachment":[{"href":"https:\/\/hadnews.com\/ro\/wp-json\/wp\/v2\/media?parent=137441"}],"wp:term":[{"taxonomy":"category","embeddable":true,"href":"https:\/\/hadnews.com\/ro\/wp-json\/wp\/v2\/categories?post=137441"},{"taxonomy":"post_tag","embeddable":true,"href":"https:\/\/hadnews.com\/ro\/wp-json\/wp\/v2\/tags?post=137441"}],"curies":[{"name":"wp","href":"https:\/\/api.w.org\/{rel}","templated":true}]}}