{"id":138443,"date":"2025-06-07T10:29:12","date_gmt":"2025-06-07T08:29:12","guid":{"rendered":"https:\/\/hadnews.com\/ro\/varstnicii-invata-sa-foloseasca-smartphone-urile-de-la-tineri\/"},"modified":"2025-06-07T10:29:12","modified_gmt":"2025-06-07T08:29:12","slug":"varstnicii-invata-sa-foloseasca-smartphone-urile-de-la-tineri","status":"publish","type":"post","link":"https:\/\/hadnews.com\/ro\/varstnicii-invata-sa-foloseasca-smartphone-urile-de-la-tineri\/","title":{"rendered":"V\u00e2rstnicii \u00eenva\u021b\u0103 s\u0103 foloseasc\u0103 smartphone-urile de la tineri."},"content":{"rendered":"<p><strong>V\u00e2rstnicii \u00eenva\u021b\u0103 de la tineri s\u0103 utilizeze smartphone-urile<\/strong><\/p>\n<p>\u00centr-o lume tot mai digitalizat\u0103, seniorii din Ocni\u021ba fac pa\u0219i importan\u021bi pentru a se adapta schimb\u0103rilor rapide din societate. De dou\u0103 luni, un grup de v\u00e2rstnici se reune\u0219te s\u0103pt\u0103m\u00e2nal la Centrul de tineret din ora\u0219 pentru a participa la lec\u021bii de educa\u021bie digital\u0103, unde tineri voluntari le ofer\u0103 ajutorul necesar pentru a \u00eenv\u0103\u021ba s\u0103 foloseasc\u0103 smartphone-urile.<\/p>\n<p>Aceste sesiuni se dovedesc a fi mai mult dec\u00e2t simple lec\u021bii tehnice; ele reprezint\u0103 o punte \u00eentre genera\u021bii. Seniorii, care deseori se simt izola\u021bi de evolu\u021bia tehnologic\u0103, descoper\u0103 moduri noi de a comunica cu nepo\u021bii \u0219i copiii care tr\u0103iesc departe, \u00een str\u0103in\u0103tate. \u00cembun\u0103t\u0103\u021birea abilit\u0103\u021bilor digitale le ofer\u0103 nu doar ocazia de a men\u021bine leg\u0103tura cu cei dragi, dar \u0219i sentimentul de apartenen\u021b\u0103 \u00eentr-o societate din ce \u00een ce mai conectat\u0103.<\/p>\n<p>Acest program nu ar fi fost posibil f\u0103r\u0103 dedicarea tinerilor voluntari, care \u00ee\u0219i \u00eemp\u0103rt\u0103\u0219esc cuno\u0219tin\u021bele \u0219i r\u0103bdarea. Ace\u0219tia vin cu entuziasm, adapt\u00e2nd lec\u021biile \u00een func\u021bie de nevoile \u0219i ritmul de \u00eenv\u0103\u021bare al seniorilor. Fie c\u0103 este vorba despre mesageria instantanee, re\u021bele sociale sau apeluri video, fiecare pas \u00eenv\u0103\u021bat \u00eembun\u0103t\u0103\u021be\u0219te semnificativ calitatea vie\u021bii v\u00e2rstnicilor.<\/p>\n<p>Pe l\u00e2ng\u0103 aspectele practice, aceste \u00eent\u00e2lniri au un impact emo\u021bional profund. V\u00e2rstnicii nu doar c\u0103 acumuleaz\u0103 noi cuno\u0219tin\u021be, dar \u00ee\u0219i fac \u0219i prieteni, \u00eenv\u0103\u021b\u00e2nd s\u0103 colaboreze \u0219i s\u0103 se sprijine reciproc. Atmosfera cald\u0103 \u0219i deschis\u0103 \u00eencurajeaz\u0103 discu\u021biile \u0219i pove\u0219tile de via\u021b\u0103, consolid\u00e2nd comunitatea local\u0103.<\/p>\n<p>Astfel, ini\u021biativele de acest tip nu doar c\u0103 ajut\u0103 la dezvoltarea abilit\u0103\u021bilor digitale ale seniorilor, ci \u0219i promoveaz\u0103 respectul \u0219i \u00een\u021belegerea \u00eentre genera\u021bii. Prin urmare, v\u00e2rstnicii din Ocni\u021ba demonstreaz\u0103 c\u0103 niciodat\u0103 nu este prea t\u00e2rziu pentru a \u00eenv\u0103\u021ba \u0219i a r\u0103m\u00e2ne conecta\u021bi la lumea modern\u0103. Aceast\u0103 poveste de solidaritate \u0219i evolu\u021bie tehnologic\u0103 ne reaminte\u0219te de importan\u021ba colabor\u0103rii intergenera\u021bionale \u00een construirea unei societ\u0103\u021bi mai unite \u0219i mai integrate.<\/p>\n<p><\/p>\n<div class=\"video-container\">\n    <iframe class=\"video\" src=\"https:\/\/www.youtube.com\/embed\/I05U17KjrFw\" allowfullscreen><\/iframe>\n<\/div>\n<p><i>Video &#8220;V\u00e2rstnicii \u00eenva\u021b\u0103 de la tineri cum s\u0103 foloseasc\u0103 smartphone-ul\u201d a fost \u00eenc\u0103rcat pe 07\/06\/2025 pe canalul YouTube <a href=\"https:\/\/www.youtube.com\/channel\/UCGGIVRhyZZLdWTMeBEqX2Vg\" target=\"_blank\"> Europa Liber\u0103 Moldova <\/a><\/i><\/p>\n","protected":false},"excerpt":{"rendered":"<p>V\u00e2rstnicii \u00eenva\u021b\u0103 de la tineri s\u0103 utilizeze smartphone-urile \u00centr-o lume tot mai digitalizat\u0103, seniorii din Ocni\u021ba fac pa\u0219i importan\u021bi pentru a se adapta schimb\u0103rilor rapide din societate. De dou\u0103 luni, un grup de v\u00e2rstnici se reune\u0219te s\u0103pt\u0103m\u00e2nal la Centrul de&#8230;<\/p>\n","protected":false},"author":86,"featured_media":138444,"comment_status":"","ping_status":"open","sticky":false,"template":"","format":"standard","meta":{"footnotes":""},"categories":[1],"tags":[107402,107403,93136,21354,61618],"class_list":{"0":"post-138443","1":"post","2":"type-post","3":"status-publish","4":"format-standard","5":"has-post-thumbnail","7":"category-societate","8":"tag-educatie-digitala","9":"tag-ocnita","10":"tag-smartphone","11":"tag-tineri","12":"tag-varstnici"},"_links":{"self":[{"href":"https:\/\/hadnews.com\/ro\/wp-json\/wp\/v2\/posts\/138443","targetHints":{"allow":["GET"]}}],"collection":[{"href":"https:\/\/hadnews.com\/ro\/wp-json\/wp\/v2\/posts"}],"about":[{"href":"https:\/\/hadnews.com\/ro\/wp-json\/wp\/v2\/types\/post"}],"author":[{"embeddable":true,"href":"https:\/\/hadnews.com\/ro\/wp-json\/wp\/v2\/users\/86"}],"replies":[{"embeddable":true,"href":"https:\/\/hadnews.com\/ro\/wp-json\/wp\/v2\/comments?post=138443"}],"version-history":[{"count":0,"href":"https:\/\/hadnews.com\/ro\/wp-json\/wp\/v2\/posts\/138443\/revisions"}],"wp:featuredmedia":[{"embeddable":true,"href":"https:\/\/hadnews.com\/ro\/wp-json\/wp\/v2\/media\/138444"}],"wp:attachment":[{"href":"https:\/\/hadnews.com\/ro\/wp-json\/wp\/v2\/media?parent=138443"}],"wp:term":[{"taxonomy":"category","embeddable":true,"href":"https:\/\/hadnews.com\/ro\/wp-json\/wp\/v2\/categories?post=138443"},{"taxonomy":"post_tag","embeddable":true,"href":"https:\/\/hadnews.com\/ro\/wp-json\/wp\/v2\/tags?post=138443"}],"curies":[{"name":"wp","href":"https:\/\/api.w.org\/{rel}","templated":true}]}}