{"id":139714,"date":"2025-06-15T23:22:19","date_gmt":"2025-06-15T21:22:19","guid":{"rendered":"https:\/\/hadnews.com\/ro\/parada-militara-dedicata-aniversarii-lui-trump\/"},"modified":"2025-06-15T23:22:19","modified_gmt":"2025-06-15T21:22:19","slug":"parada-militara-dedicata-aniversarii-lui-trump","status":"publish","type":"post","link":"https:\/\/hadnews.com\/ro\/parada-militara-dedicata-aniversarii-lui-trump\/","title":{"rendered":"Parada militar\u0103 dedicat\u0103 anivers\u0103rii lui Trump"},"content":{"rendered":"<h3>Parad\u0103 militar\u0103 de ziua lui Trump: O zi a contradic\u021biilor \u00een SUA<\/h3>\n<p>O zi plin\u0103 de contrasturi s-a desf\u0103\u0219urat recent \u00een Statele Unite, c\u00e2nd Washingtonul a fost gazda unei parade militare grandioase, menit\u0103 s\u0103 celebreze 250 de ani de la \u00eenfiin\u021barea armatei americane. Acest eveniment de amploare a coincis cu aniversarea de 79 de ani a pre\u0219edintelui Donald Trump, transform\u00e2nd astfel ziua \u00eentr-un simbol al patriotismului \u0219i al diviz\u0103rii politice.<\/p>\n<p>Parada, care a reunit desplasamente impun\u0103toare de tehnic\u0103 militar\u0103 \u0219i trupe de elit\u0103, a fost primit\u0103 at\u00e2t cu entuziasm, c\u00e2t \u0219i cu critici. Sus\u021bin\u0103torii lui Trump au v\u0103zut \u00een acest eveniment o ocazie de a s\u0103rb\u0103tori nu doar istoria militar\u0103 a \u021b\u0103rii, ci \u0219i realiz\u0103rile actualului pre\u0219edinte. \u00cen contrast, opozan\u021bii au subliniat c\u0103 o astfel de parad\u0103 ar putea fi interpretat\u0103 ca o glorificare a militariz\u0103rii \u0219i a politicilor controversate ale administra\u021biei.<\/p>\n<p>Spectacolul a inclus avioane de v\u00e2n\u0103toare zb\u0103t\u00e2nd cerul \u0219i solda\u021bi \u00een uniforme de ceremonie, demonstr\u00e2nd puterea \u0219i determinarea for\u021belor armate americane. De\u0219i focurile de artificii \u0219i aplauzele au creat o atmosfer\u0103 de festivitate, umbra diviziunilor politice a fost mereu prezent\u0103, cu proteste marginale men\u021bion\u00e2nd nedrept\u0103\u021bile sociale \u0219i apeluri la unitate \u00een fa\u021ba polariz\u0103rii extreme.<\/p>\n<p>\u00cen timp ce Trump \u00ee\u0219i serba aniversarea, atmosfera din jurul paradei a fost marcat\u0103 de tensiuni. Criticii au subliniat c\u0103 o astfel de desf\u0103\u0219urare militar\u0103 ar putea exacerba diviziunile dintre americani, un popor deja profund fragmentat de dezbateri politice intense.<\/p>\n<p>Astfel, aceast\u0103 parad\u0103 nu a fost doar o celebrare a unei istorii \u00eendelungate, ci \u0219i un amplu tablou al realit\u0103\u021bilor contemporane ale societ\u0103\u021bii americane. \u00centr-o \u021bar\u0103 unde patriotismul \u0219i politicile sunt adesea \u00eenv\u0103luite \u00een controverse, Washingtonul a demonstrat \u00eenc\u0103 o dat\u0103 c\u0103 istoria \u0219i prezentul pot coexist\u0103 \u00eentr-un mod complex, dar provocator.<\/p>\n<p><\/p>\n<div class=\"video-container\">\n    <iframe class=\"video\" src=\"https:\/\/www.youtube.com\/embed\/ui4JBoEf56o\" allowfullscreen><\/iframe>\n<\/div>\n<p><i>Video &#8220;Parad\u0103 militar\u0103 de ziua lui Trump\u201d a fost \u00eenc\u0103rcat pe 15\/06\/2025 pe canalul YouTube <a href=\"https:\/\/www.youtube.com\/channel\/UCbATDExtWstHnwWELZnXNZA\" target=\"_blank\"> Euronews Romania <\/a><\/i><\/p>\n","protected":false},"excerpt":{"rendered":"<p>Parad\u0103 militar\u0103 de ziua lui Trump: O zi a contradic\u021biilor \u00een SUA O zi plin\u0103 de contrasturi s-a desf\u0103\u0219urat recent \u00een Statele Unite, c\u00e2nd Washingtonul a fost gazda unei parade militare grandioase, menit\u0103 s\u0103 celebreze 250 de ani de la \u00eenfiin\u021barea armatei&#8230;<\/p>\n","protected":false},"author":84,"featured_media":139715,"comment_status":"","ping_status":"open","sticky":false,"template":"","format":"standard","meta":{"footnotes":""},"categories":[8158],"tags":[104805,21252,108131,22141,108132],"class_list":{"0":"post-139714","1":"post","2":"type-post","3":"status-publish","4":"format-standard","5":"has-post-thumbnail","7":"category-stiri","8":"tag-250-ani","9":"tag-america","10":"tag-parada-militara","11":"tag-washington","12":"tag-ziua-trump"},"_links":{"self":[{"href":"https:\/\/hadnews.com\/ro\/wp-json\/wp\/v2\/posts\/139714","targetHints":{"allow":["GET"]}}],"collection":[{"href":"https:\/\/hadnews.com\/ro\/wp-json\/wp\/v2\/posts"}],"about":[{"href":"https:\/\/hadnews.com\/ro\/wp-json\/wp\/v2\/types\/post"}],"author":[{"embeddable":true,"href":"https:\/\/hadnews.com\/ro\/wp-json\/wp\/v2\/users\/84"}],"replies":[{"embeddable":true,"href":"https:\/\/hadnews.com\/ro\/wp-json\/wp\/v2\/comments?post=139714"}],"version-history":[{"count":0,"href":"https:\/\/hadnews.com\/ro\/wp-json\/wp\/v2\/posts\/139714\/revisions"}],"wp:featuredmedia":[{"embeddable":true,"href":"https:\/\/hadnews.com\/ro\/wp-json\/wp\/v2\/media\/139715"}],"wp:attachment":[{"href":"https:\/\/hadnews.com\/ro\/wp-json\/wp\/v2\/media?parent=139714"}],"wp:term":[{"taxonomy":"category","embeddable":true,"href":"https:\/\/hadnews.com\/ro\/wp-json\/wp\/v2\/categories?post=139714"},{"taxonomy":"post_tag","embeddable":true,"href":"https:\/\/hadnews.com\/ro\/wp-json\/wp\/v2\/tags?post=139714"}],"curies":[{"name":"wp","href":"https:\/\/api.w.org\/{rel}","templated":true}]}}