{"id":143636,"date":"2025-07-10T22:02:08","date_gmt":"2025-07-10T20:02:08","guid":{"rendered":"https:\/\/hadnews.com\/ro\/pe-urmele-deportarilor-o-calatorie-in-istorie\/"},"modified":"2025-07-10T22:02:08","modified_gmt":"2025-07-10T20:02:08","slug":"pe-urmele-deportarilor-o-calatorie-in-istorie","status":"publish","type":"post","link":"https:\/\/hadnews.com\/ro\/pe-urmele-deportarilor-o-calatorie-in-istorie\/","title":{"rendered":"Pe urmele deport\u0103rilor: O c\u0103l\u0103torie \u00een istorie"},"content":{"rendered":"<h3>Pe urmele deport\u0103rilor: O lec\u021bie despre memoria colectiv\u0103<\/h3>\n<p>\u00cen inima Chi\u0219in\u0103ului, dou\u0103 vagoane de lemn, simboluri ale trecutului sovietic, sunt expuse din nou, amintind trec\u0103torilor despre oroarea deport\u0103rilor care au marcat vie\u021bile multor oameni. Aceast\u0103 instalare unic\u0103 serve\u0219te nu doar ca o atrac\u021bie turistic\u0103, ci \u0219i ca un memento emo\u021bionant despre tragediile istoriei recente.<\/p>\n<p>Istoricul Octavian \u021a\u00eecu a organizat o lec\u021bie public\u0103 \u00een acest context, parte din proiectul s\u0103u intitulat \u201eExpedi\u021biile Memoriei\u201d. Ini\u021biat \u00een 2013, acest proiect de cercetare \u0219i recuperare istoric\u0103 \u00ee\u0219i propune s\u0103 aduc\u0103 la lumin\u0103 evenimentele tragice din trecutul nostru, s\u0103 \u00eencurajeze reflec\u021bia \u0219i s\u0103 promoveze o mai bun\u0103 \u00een\u021belegere a istoriei. <\/p>\n<p>Deport\u0103rile, o parte adesea uitat\u0103 a istoriei, au avut un impact profund asupra societ\u0103\u021bii moldovene\u0219ti, distrug\u00e2nd familii \u0219i provoc\u00e2nd suferin\u021be colosale. Prin aceast\u0103 ini\u021biativ\u0103, Octavian \u021a\u00eecu \u00ee\u0219i dore\u0219te s\u0103 sparg\u0103 t\u0103cerea care \u00eenv\u0103luie aceste amintiri dureroase \u0219i s\u0103 \u00eencurajeze o discu\u021bie deschis\u0103 despre istoria noastr\u0103 comun\u0103.<\/p>\n<p>Instala\u021bia de la Chi\u0219in\u0103u nu este doar o simpl\u0103 amintire; este o invita\u021bie la reflec\u021bie \u0219i un apel la responsabilitate. Pe parcursul lec\u021biei, participan\u021bii au avut ocazia s\u0103 asculte m\u0103rturii ale supravie\u021buitorilor, s\u0103 dezbat\u0103 despre semnifica\u021bia acestor deport\u0103ri \u0219i s\u0103 \u00eenve\u021be despre consecin\u021bele acestora asupra genera\u021biilor viitoare.<\/p>\n<p>\u00centr-o lume \u00een care trecutul poate fi adesea ignorat sau distorsionat, astfel de ini\u021biative sunt esen\u021biale. Ele ne ajut\u0103 s\u0103 ne conect\u0103m cu identitatea noastr\u0103, s\u0103 ne \u00een\u021belegem mai bine r\u0103d\u0103cinile \u0219i, \u00een cele din urm\u0103, s\u0103 ne construim un viitor mai luminos, av\u00e2nd \u00een vedere lec\u021biile pe care istoria ni le ofer\u0103.<\/p>\n<p>Prin intermediul \u201eExpedi\u021biilor Memoriei\u201d, Octavian \u021a\u00eecu \u0219i echipa sa continu\u0103 s\u0103 lucreze neobosit pentru a asigura c\u0103 aceste amintiri nu vor fi uitate, d\u00e2nd na\u0219tere unei genera\u021bii mai con\u0219tiente \u0219i mai responsabile. Astfel, Chi\u0219in\u0103ul devine nu doar un ora\u0219 al prezentului, ci \u0219i un loc al reflec\u021biei \u0219i al memoriei, unde fiecare vagon de lemn spune o poveste care merit\u0103 s\u0103 fie auzit\u0103.<\/p>\n<p><\/p>\n<div class=\"video-container\">\n    <iframe class=\"video\" src=\"https:\/\/www.youtube.com\/embed\/Iyla0b1XFCE\" allowfullscreen><\/iframe>\n<\/div>\n<p><i>Video &#8220;Pe urmele deport\u0103rilor\u201d a fost \u00eenc\u0103rcat pe 10\/07\/2025 pe canalul YouTube <a href=\"https:\/\/www.youtube.com\/channel\/UCJYCClZe1UppC6q3XJ4Mp2A\" target=\"_blank\"> Jurnal TV <\/a><\/i><\/p>\n","protected":false},"excerpt":{"rendered":"<p>Pe urmele deport\u0103rilor: O lec\u021bie despre memoria colectiv\u0103 \u00cen inima Chi\u0219in\u0103ului, dou\u0103 vagoane de lemn, simboluri ale trecutului sovietic, sunt expuse din nou, amintind trec\u0103torilor despre oroarea deport\u0103rilor care au marcat vie\u021bile multor oameni. Aceast\u0103&#8230;<\/p>\n","protected":false},"author":85,"featured_media":143637,"comment_status":"","ping_status":"open","sticky":false,"template":"","format":"standard","meta":{"footnotes":""},"categories":[8158],"tags":[4268,104398,5839,20293,109542],"class_list":{"0":"post-143636","1":"post","2":"type-post","3":"status-publish","4":"format-standard","5":"has-post-thumbnail","7":"category-stiri","8":"tag-chisinau","9":"tag-deportari","10":"tag-istorie","11":"tag-memorie","12":"tag-sovietic"},"_links":{"self":[{"href":"https:\/\/hadnews.com\/ro\/wp-json\/wp\/v2\/posts\/143636","targetHints":{"allow":["GET"]}}],"collection":[{"href":"https:\/\/hadnews.com\/ro\/wp-json\/wp\/v2\/posts"}],"about":[{"href":"https:\/\/hadnews.com\/ro\/wp-json\/wp\/v2\/types\/post"}],"author":[{"embeddable":true,"href":"https:\/\/hadnews.com\/ro\/wp-json\/wp\/v2\/users\/85"}],"replies":[{"embeddable":true,"href":"https:\/\/hadnews.com\/ro\/wp-json\/wp\/v2\/comments?post=143636"}],"version-history":[{"count":0,"href":"https:\/\/hadnews.com\/ro\/wp-json\/wp\/v2\/posts\/143636\/revisions"}],"wp:featuredmedia":[{"embeddable":true,"href":"https:\/\/hadnews.com\/ro\/wp-json\/wp\/v2\/media\/143637"}],"wp:attachment":[{"href":"https:\/\/hadnews.com\/ro\/wp-json\/wp\/v2\/media?parent=143636"}],"wp:term":[{"taxonomy":"category","embeddable":true,"href":"https:\/\/hadnews.com\/ro\/wp-json\/wp\/v2\/categories?post=143636"},{"taxonomy":"post_tag","embeddable":true,"href":"https:\/\/hadnews.com\/ro\/wp-json\/wp\/v2\/tags?post=143636"}],"curies":[{"name":"wp","href":"https:\/\/api.w.org\/{rel}","templated":true}]}}