{"id":144695,"date":"2025-07-17T17:01:17","date_gmt":"2025-07-17T15:01:17","guid":{"rendered":"https:\/\/hadnews.com\/ro\/jurnal-tv-news-july-17-2025\/"},"modified":"2025-07-17T17:01:17","modified_gmt":"2025-07-17T15:01:17","slug":"jurnal-tv-news-july-17-2025","status":"publish","type":"post","link":"https:\/\/hadnews.com\/ro\/jurnal-tv-news-july-17-2025\/","title":{"rendered":"Jurnal TV News, July 17, 2025"},"content":{"rendered":"<h3>Nachrichten Jurnal TV, 17 Iulie 2025<\/h3>\n<p>\u00cen edi\u021bia din 17 iulie 2025 a Jurnal TV, telespectatorii sunt invita\u021bi s\u0103 descopere cele mai importante evenimente \u0219i analize din societatea rom\u00e2neasc\u0103. Emisiunea de ast\u0103zi aduce \u00een prim-plan subiecte relevante, care reflect\u0103 provoc\u0103rile \u0219i succesele cu care se confrunt\u0103 comunitatea.<\/p>\n<p>Unul dintre principalele subiecte dezb\u0103tute este situa\u021bia economic\u0103 din \u021bar\u0103, cu un accent deosebit pe recentele m\u0103suri guvernamentale menite s\u0103 stimuleze dezvoltarea antreprenoriatului. Reporterii no\u0219tri au realizat interviuri cu speciali\u0219ti \u00een domeniu, care ofer\u0103 perspective valoroase asupra impactului acestor ini\u021biative.<\/p>\n<p>De asemenea, edi\u021bia exploreaz\u0103 \u0219i problematica educa\u021biei \u00een Rom\u00e2nia. \u00cen contextul reformelor recente, discu\u021biile se concentreaz\u0103 pe nevoile tinerilor \u0219i pe importan\u021ba adapt\u0103rii sistemului educa\u021bional la cerin\u021bele pie\u021bei muncii. P\u0103rin\u021bii \u0219i profesori au fost invita\u021bi s\u0103 \u00eemp\u0103rt\u0103\u0219easc\u0103 opinii \u0219i solu\u021bii inovatoare pentru a \u00eembun\u0103t\u0103\u021bi calitatea educa\u021biei.<\/p>\n<p>Nu lipsesc nici \u0219tirile din domeniul s\u0103n\u0103t\u0103\u021bii, unde subiecte precum \u00eembun\u0103t\u0103\u021birea accesului la servicii medicale \u0219i campaniile de vaccinare sunt analizate \u00een detaliu. \u00cen acest context, vedem cum comunit\u0103\u021bile locale se mobilizeaz\u0103 pentru a sus\u021bine s\u0103n\u0103tatea public\u0103.<\/p>\n<p>Jurnal TV va oferi, de asemenea, o privire de ansamblu asupra evenimentelor culturale din \u021bar\u0103, inclusiv festivaluri \u0219i expozi\u021bii care promoveaz\u0103 arta \u0219i tradi\u021biile locale. Aceste ini\u021biative joac\u0103 un rol crucial \u00een \u00eent\u0103rirea identit\u0103\u021bii culturale a na\u021biunii.<\/p>\n<p>\u00cen concluzie, edi\u021bia din 17 iulie a Jurnal TV se dovede\u0219te a fi o resurs\u0103 valoroas\u0103 pentru to\u021bi cei interesa\u021bi de starea actual\u0103 a Rom\u00e2niei. Echipa noastr\u0103 de jurnali\u0219ti continu\u0103 s\u0103 \u00ee\u0219i propun\u0103 s\u0103 informeze, s\u0103 educe \u0219i s\u0103 inspire, oferind informa\u021bii de actualitate \u0219i analize pertinente. R\u0103m\u00e2ne\u021bi al\u0103turi de noi pentru a fi la curent cu cele mai importante \u0219tiri \u0219i evenimente!<\/p>\n<p><\/p>\n<div class=\"video-container\">\n    <iframe class=\"video\" src=\"https:\/\/www.youtube.com\/embed\/k_5VpARovgc\" allowfullscreen><\/iframe>\n<\/div>\n<p><i>Video &#8220;\u041d\u043e\u0432\u043e\u0441\u0442\u0438 Jurnal TV, 17.07.2025\u201d a fost \u00eenc\u0103rcat pe 17\/07\/2025 pe canalul YouTube <a href=\"https:\/\/www.youtube.com\/channel\/UCJYCClZe1UppC6q3XJ4Mp2A\" target=\"_blank\"> Jurnal TV <\/a><\/i><\/p>\n","protected":false},"excerpt":{"rendered":"<p>Nachrichten Jurnal TV, 17 Iulie 2025 \u00cen edi\u021bia din 17 iulie 2025 a Jurnal TV, telespectatorii sunt invita\u021bi s\u0103 descopere cele mai importante evenimente \u0219i analize din societatea rom\u00e2neasc\u0103. Emisiunea de ast\u0103zi aduce \u00een prim-plan subiecte relevante, care&#8230;<\/p>\n","protected":false},"author":85,"featured_media":144696,"comment_status":"","ping_status":"open","sticky":false,"template":"","format":"standard","meta":{"footnotes":""},"categories":[8158],"tags":[83028,58798,104955,65150,104405],"class_list":{"0":"post-144695","1":"post","2":"type-post","3":"status-publish","4":"format-standard","5":"has-post-thumbnail","7":"category-stiri","8":"tag-83028","9":"tag-jurnal-tv","10":"tag-104955","11":"tag-65150","12":"tag-104405"},"_links":{"self":[{"href":"https:\/\/hadnews.com\/ro\/wp-json\/wp\/v2\/posts\/144695","targetHints":{"allow":["GET"]}}],"collection":[{"href":"https:\/\/hadnews.com\/ro\/wp-json\/wp\/v2\/posts"}],"about":[{"href":"https:\/\/hadnews.com\/ro\/wp-json\/wp\/v2\/types\/post"}],"author":[{"embeddable":true,"href":"https:\/\/hadnews.com\/ro\/wp-json\/wp\/v2\/users\/85"}],"replies":[{"embeddable":true,"href":"https:\/\/hadnews.com\/ro\/wp-json\/wp\/v2\/comments?post=144695"}],"version-history":[{"count":0,"href":"https:\/\/hadnews.com\/ro\/wp-json\/wp\/v2\/posts\/144695\/revisions"}],"wp:featuredmedia":[{"embeddable":true,"href":"https:\/\/hadnews.com\/ro\/wp-json\/wp\/v2\/media\/144696"}],"wp:attachment":[{"href":"https:\/\/hadnews.com\/ro\/wp-json\/wp\/v2\/media?parent=144695"}],"wp:term":[{"taxonomy":"category","embeddable":true,"href":"https:\/\/hadnews.com\/ro\/wp-json\/wp\/v2\/categories?post=144695"},{"taxonomy":"post_tag","embeddable":true,"href":"https:\/\/hadnews.com\/ro\/wp-json\/wp\/v2\/tags?post=144695"}],"curies":[{"name":"wp","href":"https:\/\/api.w.org\/{rel}","templated":true}]}}