{"id":14547,"date":"2024-01-01T15:08:02","date_gmt":"2024-01-01T13:08:02","guid":{"rendered":"https:\/\/hadnews.com\/ro\/?p=14547"},"modified":"2024-01-01T16:31:04","modified_gmt":"2024-01-01T14:31:04","slug":"papa-francisc-binecuvanteaza-cuplurile-gay","status":"publish","type":"post","link":"https:\/\/hadnews.com\/ro\/papa-francisc-binecuvanteaza-cuplurile-gay\/","title":{"rendered":"Papa Francisc binecuv\u00e2nteaz\u0103 cuplurile gay"},"content":{"rendered":"\n<div id=\"main\">\n<div class=\"article-wrap\">\n<ul>\n<li><strong>Papa Francisc aprob\u0103 binecuv\u00e2nt\u0103rile pentru cuplurile de acela\u0219i sex, nu \u0219i c\u0103s\u0103toriile<\/strong>.<\/li>\n<li><strong>Papa Francisc a dat de \u00een\u021beles \u00een luna octombrie c\u0103 se preg\u0103tea o schimbare oficial\u0103<\/strong>.<\/li>\n<li><strong>Biserica Catolic\u0103 consider\u0103 c\u0103 atrac\u021bia fa\u021b\u0103 de persoanele de acela\u0219i sex nu este un p\u0103cat<\/strong>.<\/li>\n<\/ul>\n<p>Papa Francisc aprob\u0103 oficial ca preo\u021bii s\u0103 binecuv\u00e2nteze cuplurile de acela\u0219i sex, dar asta at\u00e2t timp c\u00e2t acestea nu au loc \u00een cadrul ritualurilor sau liturghiilor obi\u0219nuite ale Bisericii. \u00cen continuare, <a rel=\"nofollow noopener\" target=\"_blank\" href=\"https:\/\/alephnews.ro\/guvern\/foto-george-simion-propune-un-guvern-de-centru-dreapta-la-bruxelles-pentru-a-apara-radacinile-latine-crestine-ale-europei\/\">Vaticanul<\/a> se opune ferm fa\u021b\u0103 de acest tip de c\u0103s\u0103torie.<\/p>\n<h2 class=\"wp-block-heading\" id=\"h-ce-reprezinta-acest-pas\">Ce reprezint\u0103 acest pas<\/h2>\n<p>\u201eE o veste extraordinar\u0103, este pentru prima data c\u00e2nd \u00een <a rel=\"nofollow noopener\" target=\"_blank\" href=\"https:\/\/alephnews.ro\/guvern\/papa-francisc-a-sugerat-ca-ar-fi-deschis-ca-preotii-bisericii-catolice-sa-binecuvanteze-cuplurile-homosexuale-nu-putem-fi-judecatori-care-doar-resping\/\">Biserica Catolic\u0103 <\/a>preo\u021bii pot binecuv\u00e2nta familiile gay \u0219i a\u0219 zice c\u0103 este un prim pas c\u0103tre recunoa\u0219terea social \u0219i religioas\u0103 a acestor familii \u0219i tratarea lor drept membrii ai bisericii. Nu ne ajut\u0103 s\u0103 renun\u021b\u0103m la cazurile de discriminare, \u00eens\u0103 ne ajut\u0103 s\u0103 \u00een\u021belegem c\u0103 p\u00e2n\u0103 \u00een acest moment preo\u021bii nu puteau sub nici o circumstan\u021b\u0103 s\u0103 binecuv\u00e2nteze familii de acest gen. Deci este un pas \u00een fa\u021b\u0103 c\u0103tre via\u021b\u0103\u201d, a declarat Florin Buhuceanu, Co-pre\u0219edinte ACCEPT, la Aleph News.<\/p>\n<p><strong>Cite\u0219te \u0219i<\/strong><\/p>\n<div class=\"follow-us-article\">\n<div class=\"social-pages\"> Urm\u0103ri\u021bi Aleph News&#8230;<\/div>\n<\/div>\n<\/div>\n<\/div>\n<p><i>Citeste tot articolul: <a href=\"https:\/\/alephnews.ro\/cultura\/papa-francisc-binecuvanteaza-cuplurile-gay-co-presedinte-accept-este-o-veste-extraordinara\/\" target=\"_blank\" rel=\"noopener\">Papa Francisc binecuv\u00e2nteaz\u0103 cuplurile gay<\/a><\/i><\/p>\n<p> <img src=https:\/\/media.alephnews.ro\/2023\/12\/ap_20294532103639_wide-60a5822d10a5351d5be6022e479c73f5910e217a-s1400-c100.jpg> <\/p>\n<p><i>Articolul &#8220;Papa Francisc binecuv\u00e2nteaz\u0103 cuplurile gay&#8221; al autorului Orian Alexandru a fost publicat pe 19\/12\/2023 de <a href=\"https:\/\/alephnews.ro\/cultura\/papa-francisc-binecuvanteaza-cuplurile-gay-co-presedinte-accept-este-o-veste-extraordinara\/\" target=\"_blank\" rel=\"noopener\">alephnews.ro<\/a><\/i><\/p>\n","protected":false},"excerpt":{"rendered":"<p>Papa Francisc aprob\u0103 binecuv\u00e2nt\u0103rile pentru cuplurile de acela\u0219i sex, nu \u0219i c\u0103s\u0103toriile.Papa Francisc a dat de \u00een\u021beles \u00een luna octombrie c\u0103 se preg\u0103tea o schimbare oficial\u0103.Biserica Catolic\u0103 consider\u0103 c\u0103 atrac\u021bia fa\u021b\u0103 de persoanele de acela\u0219i sex&#8230;<\/p>\n","protected":false},"author":54,"featured_media":14548,"comment_status":"closed","ping_status":"open","sticky":false,"template":"","format":"standard","meta":{"footnotes":""},"categories":[3204],"tags":[],"class_list":{"0":"post-14547","1":"post","2":"type-post","3":"status-publish","4":"format-standard","5":"has-post-thumbnail","7":"category-cultura"},"_links":{"self":[{"href":"https:\/\/hadnews.com\/ro\/wp-json\/wp\/v2\/posts\/14547","targetHints":{"allow":["GET"]}}],"collection":[{"href":"https:\/\/hadnews.com\/ro\/wp-json\/wp\/v2\/posts"}],"about":[{"href":"https:\/\/hadnews.com\/ro\/wp-json\/wp\/v2\/types\/post"}],"author":[{"embeddable":true,"href":"https:\/\/hadnews.com\/ro\/wp-json\/wp\/v2\/users\/54"}],"replies":[{"embeddable":true,"href":"https:\/\/hadnews.com\/ro\/wp-json\/wp\/v2\/comments?post=14547"}],"version-history":[{"count":0,"href":"https:\/\/hadnews.com\/ro\/wp-json\/wp\/v2\/posts\/14547\/revisions"}],"wp:featuredmedia":[{"embeddable":true,"href":"https:\/\/hadnews.com\/ro\/wp-json\/wp\/v2\/media\/14548"}],"wp:attachment":[{"href":"https:\/\/hadnews.com\/ro\/wp-json\/wp\/v2\/media?parent=14547"}],"wp:term":[{"taxonomy":"category","embeddable":true,"href":"https:\/\/hadnews.com\/ro\/wp-json\/wp\/v2\/categories?post=14547"},{"taxonomy":"post_tag","embeddable":true,"href":"https:\/\/hadnews.com\/ro\/wp-json\/wp\/v2\/tags?post=14547"}],"curies":[{"name":"wp","href":"https:\/\/api.w.org\/{rel}","templated":true}]}}