{"id":145543,"date":"2025-07-23T17:53:31","date_gmt":"2025-07-23T15:53:31","guid":{"rendered":"https:\/\/hadnews.com\/ro\/jurnal-tv-news-july-23-2025\/"},"modified":"2025-07-23T17:53:31","modified_gmt":"2025-07-23T15:53:31","slug":"jurnal-tv-news-july-23-2025","status":"publish","type":"post","link":"https:\/\/hadnews.com\/ro\/jurnal-tv-news-july-23-2025\/","title":{"rendered":"Jurnal TV News, July 23, 2025"},"content":{"rendered":"<h3>Jurnal TV: Cele mai importante evenimente ale zilei &#8211; 23 iulie 2025<\/h3>\n<p>Pe 23 iulie 2025, Jurnal TV ne aduce cele mai recente \u0219i relevante \u0219tiri, reflect\u00e2nd dinamica actualit\u0103\u021bii din Republica Moldova \u0219i nu numai. \u00cen edi\u021bia de ast\u0103zi, ne concentr\u0103m pe cele patru teme principale care marcheaz\u0103 scena politic\u0103, economic\u0103 \u0219i social\u0103.<\/p>\n<p><strong>1. Situa\u021bia Politic\u0103: Discu\u021bii \u00een Parlament<\/strong><\/p>\n<p>Ast\u0103zi, Parlamentul a avut o sesiune de urgen\u021b\u0103 pentru a discuta mai multe proiecte de lege esen\u021biale privind reformele administrative \u0219i transparen\u021ba guvern\u0103rii. Aportul opozi\u021biei \u0219i reac\u021biile societ\u0103\u021bii civile au generat un dialog intens.<\/p>\n<p><strong>2. Economia Na\u021bional\u0103: Cre\u0219tere Economic\u0103<\/strong><\/p>\n<p>Analiz\u0103m indicatorii economici din ultima perioad\u0103, demonstr\u00e2nd o u\u0219oar\u0103 cre\u0219tere a PIB-ului, rezultate favorabile \u00een agricultur\u0103 \u0219i o revigorare a sectorului IT. Exper\u021bii discut\u0103 despre posibilele m\u0103suri pe care autorit\u0103\u021bile le pot lua pentru a sus\u021bine aceast\u0103 tendin\u021b\u0103.<\/p>\n<p><strong>3. S\u0103n\u0103tate Public\u0103: Campania de Vaccinare<\/strong><\/p>\n<p>\u00cen domeniul s\u0103n\u0103t\u0103\u021bii, Ministerul S\u0103n\u0103t\u0103\u021bii continu\u0103 campania de vaccinare \u00eempotriva bolilor infec\u021bioase. \u00cen edi\u021bia de ast\u0103zi, afl\u0103m mai multe detalii despre statisticile actualizate \u0219i despre planurile de extindere a programului.<\/p>\n<p><strong>4. Evenimente Culturale: Festivalul Var\u0103 \u00een Ora\u0219<\/strong><\/p>\n<p>La finalul buletinului nostru, ne \u00eendrept\u0103m aten\u021bia c\u0103tre cultura local\u0103, unde Festivalul Var\u0103 \u00een Ora\u0219 atrage sute de vizitatori. Participan\u021bii se bucur\u0103 de muzic\u0103, dansuri populare \u0219i ateliere pentru toate v\u00e2rstele.<\/p>\n<p>Jurnal TV r\u0103m\u00e2ne devoted s\u0103 ofere telespectatorilor s\u0103i cele mai relevante informa\u021bii \u0219i analize, contribuind la o dezbatere public\u0103 informat\u0103. Viziona\u021bi-ne \u00een fiecare zi pentru a fi la curent cu ceea ce conteaz\u0103 cu adev\u0103rat!<\/p>\n<p><\/p>\n<div class=\"video-container\">\n    <iframe class=\"video\" src=\"https:\/\/www.youtube.com\/embed\/_4lSt46i7jk\" allowfullscreen><\/iframe>\n<\/div>\n<p><i>Video &#8220;\u041d\u043e\u0432\u043e\u0441\u0442\u0438 Jurnal TV, 23.07.2025\u201d a fost \u00eenc\u0103rcat pe 23\/07\/2025 pe canalul YouTube <a href=\"https:\/\/www.youtube.com\/channel\/UCJYCClZe1UppC6q3XJ4Mp2A\" target=\"_blank\"> Jurnal TV <\/a><\/i><\/p>\n","protected":false},"excerpt":{"rendered":"<p>Jurnal TV: Cele mai importante evenimente ale zilei &#8211; 23 iulie 2025 Pe 23 iulie 2025, Jurnal TV ne aduce cele mai recente \u0219i relevante \u0219tiri, reflect\u00e2nd dinamica actualit\u0103\u021bii din Republica Moldova \u0219i nu numai. \u00cen edi\u021bia de ast\u0103zi, ne concentr\u0103m pe cele&#8230;<\/p>\n","protected":false},"author":85,"featured_media":145544,"comment_status":"","ping_status":"open","sticky":false,"template":"","format":"standard","meta":{"footnotes":""},"categories":[8158],"tags":[59715,58798,13313,14815,14557],"class_list":{"0":"post-145543","1":"post","2":"type-post","3":"status-publish","4":"format-standard","5":"has-post-thumbnail","7":"category-stiri","8":"tag-abonare","9":"tag-jurnal-tv","10":"tag-media","11":"tag-social-media","12":"tag-stiri"},"_links":{"self":[{"href":"https:\/\/hadnews.com\/ro\/wp-json\/wp\/v2\/posts\/145543","targetHints":{"allow":["GET"]}}],"collection":[{"href":"https:\/\/hadnews.com\/ro\/wp-json\/wp\/v2\/posts"}],"about":[{"href":"https:\/\/hadnews.com\/ro\/wp-json\/wp\/v2\/types\/post"}],"author":[{"embeddable":true,"href":"https:\/\/hadnews.com\/ro\/wp-json\/wp\/v2\/users\/85"}],"replies":[{"embeddable":true,"href":"https:\/\/hadnews.com\/ro\/wp-json\/wp\/v2\/comments?post=145543"}],"version-history":[{"count":0,"href":"https:\/\/hadnews.com\/ro\/wp-json\/wp\/v2\/posts\/145543\/revisions"}],"wp:featuredmedia":[{"embeddable":true,"href":"https:\/\/hadnews.com\/ro\/wp-json\/wp\/v2\/media\/145544"}],"wp:attachment":[{"href":"https:\/\/hadnews.com\/ro\/wp-json\/wp\/v2\/media?parent=145543"}],"wp:term":[{"taxonomy":"category","embeddable":true,"href":"https:\/\/hadnews.com\/ro\/wp-json\/wp\/v2\/categories?post=145543"},{"taxonomy":"post_tag","embeddable":true,"href":"https:\/\/hadnews.com\/ro\/wp-json\/wp\/v2\/tags?post=145543"}],"curies":[{"name":"wp","href":"https:\/\/api.w.org\/{rel}","templated":true}]}}