{"id":14604,"date":"2024-01-01T15:08:03","date_gmt":"2024-01-01T13:08:03","guid":{"rendered":"https:\/\/hadnews.com\/ro\/?p=14604"},"modified":"2024-01-01T16:31:04","modified_gmt":"2024-01-01T14:31:04","slug":"neanderthalienii-erau-matinali-ce-au-descoperit-cercetatorii","status":"publish","type":"post","link":"https:\/\/hadnews.com\/ro\/neanderthalienii-erau-matinali-ce-au-descoperit-cercetatorii\/","title":{"rendered":"Neanderthalienii erau matinali. Ce au descoperit cercet\u0103torii"},"content":{"rendered":"\n<div id=\"main\">\n<div class=\"main-media\"> <\/div>\n<div class=\"article-wrap\">\n<ul>\n<li><strong>Schimb\u0103rile \u00een modelul \u0219i nivelul de expunere la lumin\u0103 au consecin\u021be biologice \u0219i comportamentale care pot duce la adapt\u0103ri evolutive.<\/strong><\/li>\n<li><strong>Pentru a testa acest lucru, cercet\u0103torii au explorat dac\u0103 variantele genetice introgresate<\/strong><\/li>\n<li><strong>Ei au g\u0103sit multe variante introgrese cu efecte asupra preferin\u021bei de somn<\/strong><\/li>\n<\/ul>\n<p><a rel=\"nofollow noopener\" target=\"_blank\" href=\"https:\/\/apps.crossref.org\/pendingpub\/pendingpub.html?doi=10.1093%2Fgbe%2Fevad203\">O nou\u0103 lucrare<\/a> de cercetare constat\u0103 c\u0103 materialul genetic de la str\u0103mo\u0219ii neanderthalienilor ar fi putut contribui la tendin\u021ba unor oameni de ast\u0103zi, genul c\u0103rora le este mai confortabil s\u0103 se trezeasc\u0103 \u0219i s\u0103 se culce mai devreme, scrie <a rel=\"nofollow noopener\" target=\"_blank\" href=\"https:\/\/www.theguardian.com\/science\/2023\/dec\/14\/neanderthal-dna-may-explain-why-some-of-us-are-morning-people\">The Guardian.<\/a><\/p>\n<p>To\u021bi oamenii moderni din punct de vedere anatomic \u00ee\u0219i au originea \u00een <a rel=\"nofollow noopener\" target=\"_blank\" href=\"https:\/\/alephnews.ro\/guvern\/mare-secret-de-stat-administratia-prezidentiala-refuza-sa-dezvaluie-cat-a-costat-turneul-lui-iohannis-in-africa\/\">Africa<\/a>, \u00een urm\u0103 cu aproximativ 300.000 de ani, unde factorii de mediu le-au modelat multe dintre caracteristicile lor biologice. Cu aproximativ 70.000 de ani \u00een urm\u0103, str\u0103mo\u0219ii oamenilor moderni eurasiatici au \u00eenceput s\u0103 migreze \u00een Eurasia, unde au \u00eent\u00e2lnit noi medii diverse, inclusiv latitudini mai \u00eenalte, cu varia\u021bii sezoniere mai mari \u00een lumina zilei \u0219i temperatur\u0103.<\/p>\n<p>Schimb\u0103rile \u00een <a rel=\"nofollow noopener\" target=\"_blank\" href=\"https:\/\/alephnews.ro\/entertainment\/chanel-metiers-dart-modelele-transforma-o-strada-din-manchester-in-catwalk\/\">modelul <\/a>\u0219i nivelul de expunere la lumin\u0103 au consecin\u021be biologice \u0219i comportamentale care pot duce la adapt\u0103ri evolutive. Oamenii de&#8230;<\/p>\n<\/div>\n<\/div>\n<p><i>Citeste tot articolul: <a href=\"https:\/\/alephnews.ro\/stiinta\/este-posibil-ca-neanderthalienii-sa-fi-fost-matinali-arata-un-nou-studiu\/\" target=\"_blank\" rel=\"noopener\">Neanderthalienii erau matinali. Ce au descoperit cercet\u0103torii<\/a><\/i><\/p>\n<p> <img src=https:\/\/media.alephnews.ro\/2023\/12\/aleph-morning-people.jpg> <\/p>\n<p><i>Articolul &#8220;Neanderthalienii erau matinali. Ce au descoperit cercet\u0103torii&#8221; al autorului Mihai Iustina a fost publicat pe 14\/12\/2023 de <a href=\"https:\/\/alephnews.ro\/stiinta\/este-posibil-ca-neanderthalienii-sa-fi-fost-matinali-arata-un-nou-studiu\/\" target=\"_blank\" rel=\"noopener\">alephnews.ro<\/a><\/i><\/p>\n","protected":false},"excerpt":{"rendered":"<p>Schimb\u0103rile \u00een modelul \u0219i nivelul de expunere la lumin\u0103 au consecin\u021be biologice \u0219i comportamentale care pot duce la adapt\u0103ri evolutive.Pentru a testa acest lucru, cercet\u0103torii au explorat dac\u0103 variantele genetice introgresateEi au g\u0103sit multe variante&#8230;<\/p>\n","protected":false},"author":54,"featured_media":14605,"comment_status":"closed","ping_status":"open","sticky":false,"template":"","format":"standard","meta":{"footnotes":""},"categories":[3201],"tags":[],"class_list":{"0":"post-14604","1":"post","2":"type-post","3":"status-publish","4":"format-standard","5":"has-post-thumbnail","7":"category-stiinta"},"_links":{"self":[{"href":"https:\/\/hadnews.com\/ro\/wp-json\/wp\/v2\/posts\/14604","targetHints":{"allow":["GET"]}}],"collection":[{"href":"https:\/\/hadnews.com\/ro\/wp-json\/wp\/v2\/posts"}],"about":[{"href":"https:\/\/hadnews.com\/ro\/wp-json\/wp\/v2\/types\/post"}],"author":[{"embeddable":true,"href":"https:\/\/hadnews.com\/ro\/wp-json\/wp\/v2\/users\/54"}],"replies":[{"embeddable":true,"href":"https:\/\/hadnews.com\/ro\/wp-json\/wp\/v2\/comments?post=14604"}],"version-history":[{"count":0,"href":"https:\/\/hadnews.com\/ro\/wp-json\/wp\/v2\/posts\/14604\/revisions"}],"wp:featuredmedia":[{"embeddable":true,"href":"https:\/\/hadnews.com\/ro\/wp-json\/wp\/v2\/media\/14605"}],"wp:attachment":[{"href":"https:\/\/hadnews.com\/ro\/wp-json\/wp\/v2\/media?parent=14604"}],"wp:term":[{"taxonomy":"category","embeddable":true,"href":"https:\/\/hadnews.com\/ro\/wp-json\/wp\/v2\/categories?post=14604"},{"taxonomy":"post_tag","embeddable":true,"href":"https:\/\/hadnews.com\/ro\/wp-json\/wp\/v2\/tags?post=14604"}],"curies":[{"name":"wp","href":"https:\/\/api.w.org\/{rel}","templated":true}]}}