{"id":148527,"date":"2025-08-12T18:41:10","date_gmt":"2025-08-12T16:41:10","guid":{"rendered":"https:\/\/hadnews.com\/ro\/jurnalul-de-la-ora-1900-12-august-2025\/"},"modified":"2025-08-12T18:41:10","modified_gmt":"2025-08-12T16:41:10","slug":"jurnalul-de-la-ora-1900-12-august-2025","status":"publish","type":"post","link":"https:\/\/hadnews.com\/ro\/jurnalul-de-la-ora-1900-12-august-2025\/","title":{"rendered":"Jurnalul de la ora 19:00, 12 august 2025"},"content":{"rendered":"<h1>Jurnalul orei 19:00, 12.08.2025: Rapoarte Esen\u021biale \u0219i Evenimente de Actualitate<\/h1>\n<p>Pe data de 12 august 2025, Jurnalul orei 19:00 ne aduce cele mai importante evenimente care au marcat ziua. \u00cen aceast\u0103 edi\u021bie, privim \u00eendeaproape problemele de interes public \u0219i reac\u021biile societ\u0103\u021bii la recentele schimb\u0103ri din peisajul na\u021bional.<\/p>\n<h3>Actualit\u0103\u021bi Politice<\/h3>\n<p>\u00cen centrul aten\u021biei se afl\u0103 ultimele dezvolt\u0103ri din sfera politic\u0103, cu referire la negocierile \u00eentre partidele din opozi\u021bie \u0219i cele aflate la guvernare. Sursele noastre ne informeaz\u0103 c\u0103 discu\u021biile despre reformele administrative continu\u0103, iar cet\u0103\u021benii a\u0219teapt\u0103 solu\u021bii eficiente pentru o mai bun\u0103 gestionare a resurselor publice.<\/p>\n<h3>Evenimente Interna\u021bionale<\/h3>\n<p>Pe plan interna\u021bional, edi\u021bia de ast\u0103zi va aborda impactul crizei economice globale asupra regiunii noastre. Speciali\u0219tii avertizeaz\u0103 asupra posibilelor efecte pe termen lung care ar putea influen\u021ba stabilitatea economic\u0103 a \u021b\u0103rii. De asemenea, vom explora reac\u021biile comunit\u0103\u021bii interna\u021bionale \u0219i cum acestea ar putea afecta politicile locale.<\/p>\n<h3>Reportaje Sociale<\/h3>\n<p>Jurnalul va include \u0219i reportaje dedicate ini\u021biativelor cet\u0103\u021bene\u0219ti care promoveaz\u0103 coeziunea social\u0103. Cet\u0103\u021benii din diverse col\u021buri ale \u021b\u0103rii s-au mobilizat pentru a sprijini cauza educa\u021biei \u0219i s\u0103n\u0103t\u0103\u021bii, reafirm\u00e2nd, astfel, importan\u021ba solidarit\u0103\u021bii \u00eentr-o lume \u00een continu\u0103 schimbare.<\/p>\n<h3>Sport \u0219i Cultur\u0103<\/h3>\n<p>Nu vor lipsi din jurnal \u0219tirile din lumea sportului \u0219i culturii. Echipele locale se preg\u0103tesc pentru competi\u021biile interna\u021bionale, iar articolele de fond despre festivalurile culturale din aceast\u0103 var\u0103 ne ofer\u0103 o imagine de ansamblu a bog\u0103\u021biei \u0219i diversit\u0103\u021bii tradi\u021biilor noastre.<\/p>\n<h3>Concluzie<\/h3>\n<p>Jurnalul orei 19:00 este, ca \u00eentotdeauna, o surs\u0103 de informa\u021bii relevante \u0219i variate, oferind telespectatorilor o privire de ansamblu asupra provoc\u0103rilor \u0219i realiz\u0103rilor societ\u0103\u021bii noastre. V\u0103 invit\u0103m s\u0103 urm\u0103ri\u021bi edi\u021bia de ast\u0103zi pentru a fi la curent cu cele mai recente informa\u021bii.<\/p>\n<p><\/p>\n<div class=\"video-container\">\n    <iframe class=\"video\" src=\"https:\/\/www.youtube.com\/embed\/KESyLNkdy3c\" allowfullscreen><\/iframe>\n<\/div>\n<p><i>Video &#8220;Jurnalul orei 19:00, 12.08.2025\u201d a fost \u00eenc\u0103rcat pe 12\/08\/2025 pe canalul YouTube <a href=\"https:\/\/www.youtube.com\/channel\/UCJYCClZe1UppC6q3XJ4Mp2A\" target=\"_blank\"> Jurnal TV <\/a><\/i><\/p>\n","protected":false},"excerpt":{"rendered":"<p>Jurnalul orei 19:00, 12.08.2025: Rapoarte Esen\u021biale \u0219i Evenimente de Actualitate Pe data de 12 august 2025, Jurnalul orei 19:00 ne aduce cele mai importante evenimente care au marcat ziua. \u00cen aceast\u0103 edi\u021bie, privim \u00eendeaproape problemele de interes public \u0219i&#8230;<\/p>\n","protected":false},"author":85,"featured_media":148528,"comment_status":"","ping_status":"open","sticky":false,"template":"","format":"standard","meta":{"footnotes":""},"categories":[8158],"tags":[83028,59715,58806,87981,14815],"class_list":{"0":"post-148527","1":"post","2":"type-post","3":"status-publish","4":"format-standard","5":"has-post-thumbnail","7":"category-stiri","8":"tag-83028","9":"tag-abonare","10":"tag-jurnal","11":"tag-postare","12":"tag-social-media"},"_links":{"self":[{"href":"https:\/\/hadnews.com\/ro\/wp-json\/wp\/v2\/posts\/148527","targetHints":{"allow":["GET"]}}],"collection":[{"href":"https:\/\/hadnews.com\/ro\/wp-json\/wp\/v2\/posts"}],"about":[{"href":"https:\/\/hadnews.com\/ro\/wp-json\/wp\/v2\/types\/post"}],"author":[{"embeddable":true,"href":"https:\/\/hadnews.com\/ro\/wp-json\/wp\/v2\/users\/85"}],"replies":[{"embeddable":true,"href":"https:\/\/hadnews.com\/ro\/wp-json\/wp\/v2\/comments?post=148527"}],"version-history":[{"count":0,"href":"https:\/\/hadnews.com\/ro\/wp-json\/wp\/v2\/posts\/148527\/revisions"}],"wp:featuredmedia":[{"embeddable":true,"href":"https:\/\/hadnews.com\/ro\/wp-json\/wp\/v2\/media\/148528"}],"wp:attachment":[{"href":"https:\/\/hadnews.com\/ro\/wp-json\/wp\/v2\/media?parent=148527"}],"wp:term":[{"taxonomy":"category","embeddable":true,"href":"https:\/\/hadnews.com\/ro\/wp-json\/wp\/v2\/categories?post=148527"},{"taxonomy":"post_tag","embeddable":true,"href":"https:\/\/hadnews.com\/ro\/wp-json\/wp\/v2\/tags?post=148527"}],"curies":[{"name":"wp","href":"https:\/\/api.w.org\/{rel}","templated":true}]}}