{"id":149088,"date":"2025-08-16T20:57:17","date_gmt":"2025-08-16T18:57:17","guid":{"rendered":"https:\/\/hadnews.com\/ro\/protestul-de-la-locul-de-munca-promisiuni-de-plata-dar-fara-o-data-clara\/"},"modified":"2025-08-16T20:57:17","modified_gmt":"2025-08-16T18:57:17","slug":"protestul-de-la-locul-de-munca-promisiuni-de-plata-dar-fara-o-data-clara","status":"publish","type":"post","link":"https:\/\/hadnews.com\/ro\/protestul-de-la-locul-de-munca-promisiuni-de-plata-dar-fara-o-data-clara\/","title":{"rendered":"Protestul de la locul de munc\u0103: Promisiuni de plat\u0103, dar f\u0103r\u0103 o dat\u0103 clar\u0103"},"content":{"rendered":"<h3>La protest ca la lucru: Promisiuni de plat\u0103 \u0219i tensiuni \u00een Chi\u0219in\u0103u<\/h3>\n<p>Pe 16 august, gara feroviar\u0103 din Chi\u0219in\u0103u a fost scena unei noi mobiliz\u0103ri a sus\u021bin\u0103torilor lui Ilan \u0218or, un oligarh fugar, care \u0219i-a anun\u021bat inten\u021bia de a pl\u0103ti protestatarii. Aceast\u0103 adunare marcheaz\u0103 \u00eenceputul unui nou sezon de demonstra\u021bii antiguvernamentale, \u00eentr-un context politic deja tensionat.<\/p>\n<p>\u00cen diminea\u021ba acelei zile, poli\u021bia a intervenit, ridic\u00e2nd c\u00e2teva corturi ale manifestan\u021bilor de pe peron, invoc\u00e2nd motive de securitate na\u021bional\u0103. Autorit\u0103\u021bile argumenteaz\u0103 c\u0103 aceste proteste amenin\u021b\u0103 stabilitatea cu doar c\u00e2teva s\u0103pt\u0103m\u00e2ni \u00eenaintea alegerilor parlamentare programate pentru 28 septembrie. Dincolo de promisiunile financiare, manifestan\u021bii se confrunt\u0103 cu amenzi ustur\u0103toare pentru participarea lor la aceste ac\u021biuni.<\/p>\n<p>Protestele organizate de Ilan \u0218or, care se afl\u0103 \u00een prezent la Moscova, au devenit o constant\u0103 \u00een peisajul politic moldovenesc, atr\u0103g\u00e2nd aten\u021bia nu doar a cet\u0103\u021benilor, ci \u0219i a autorit\u0103\u021bilor. Multe voci sus\u021bin c\u0103 mobilizarea acestor grupuri are scopuri politice precise, av\u00e2nd poten\u021bialul de a influen\u021ba rezultatul alegerilor viitoare.<\/p>\n<p>\u00centrebat despre motivul particip\u0103rii, un protestatar a declarat: \u201eAm venit aici pentru a ne exprima nemul\u021bumirea fa\u021b\u0103 de actuala guvernare. Promisiunile lui \u0218or ne ofer\u0103 speran\u021b\u0103\u201d. Aceast\u0103 afirma\u021bie reflect\u0103 un sentiment mai amplu de frustrare \u0219i ne\u00eencredere \u00een institu\u021biile statului.<\/p>\n<p>Tensiunile dintre protestatari \u0219i autorit\u0103\u021bi escaladeaz\u0103, iar poli\u021bia continu\u0103 s\u0103 monitorizeze situa\u021bia cu stricte\u021be. R\u0103m\u00e2ne de v\u0103zut cum va evolua aceast\u0103 situa\u021bie \u0219i care va fi impactul protestelor asupra alegerilor viitoare. \u00centr-o societate divizat\u0103, vocea cet\u0103\u021benilor se va face auzit\u0103 \u0219i \u00een contextul acestor manifesta\u021bii, care, se pare, devin tot mai frecvente \u0219i provocatoare.<\/p>\n<p>Pe m\u0103sur\u0103 ce se apropie data alegerilor, ochii observatorilor sunt preg\u0103ti\u021bi s\u0103 urm\u0103reasc\u0103 cum se va desf\u0103\u0219ura acest nou capitol al politicii moldovene\u0219ti, influen\u021bat de puteri externe \u0219i promisiuni controversate.<\/p>\n<p><\/p>\n<div class=\"video-container\">\n    <iframe class=\"video\" src=\"https:\/\/www.youtube.com\/embed\/9uZDJmtwbwg\" allowfullscreen><\/iframe>\n<\/div>\n<p><i>Video &#8220;La protest ca la lucru: Au zis c\u0103 ne vor da \u0219i bani, dar nu \u0219tiu c\u00e2nd\u201d a fost \u00eenc\u0103rcat pe 16\/08\/2025 pe canalul YouTube <a href=\"https:\/\/www.youtube.com\/channel\/UCGGIVRhyZZLdWTMeBEqX2Vg\" target=\"_blank\"> Europa Liber\u0103 Moldova <\/a><\/i><\/p>\n","protected":false},"excerpt":{"rendered":"<p>La protest ca la lucru: Promisiuni de plat\u0103 \u0219i tensiuni \u00een Chi\u0219in\u0103u Pe 16 august, gara feroviar\u0103 din Chi\u0219in\u0103u a fost scena unei noi mobiliz\u0103ri a sus\u021bin\u0103torilor lui Ilan \u0218or, un oligarh fugar, care \u0219i-a anun\u021bat inten\u021bia de a pl\u0103ti protestatarii. Aceast\u0103 adunare&#8230;<\/p>\n","protected":false},"author":86,"featured_media":149089,"comment_status":"","ping_status":"open","sticky":false,"template":"","format":"standard","meta":{"footnotes":""},"categories":[1],"tags":[61644,59042,7854,8347,60036],"class_list":{"0":"post-149088","1":"post","2":"type-post","3":"status-publish","4":"format-standard","5":"has-post-thumbnail","7":"category-societate","8":"tag-ilan-sor","9":"tag-moldova","10":"tag-politie","11":"tag-proteste","12":"tag-securitate"},"_links":{"self":[{"href":"https:\/\/hadnews.com\/ro\/wp-json\/wp\/v2\/posts\/149088","targetHints":{"allow":["GET"]}}],"collection":[{"href":"https:\/\/hadnews.com\/ro\/wp-json\/wp\/v2\/posts"}],"about":[{"href":"https:\/\/hadnews.com\/ro\/wp-json\/wp\/v2\/types\/post"}],"author":[{"embeddable":true,"href":"https:\/\/hadnews.com\/ro\/wp-json\/wp\/v2\/users\/86"}],"replies":[{"embeddable":true,"href":"https:\/\/hadnews.com\/ro\/wp-json\/wp\/v2\/comments?post=149088"}],"version-history":[{"count":0,"href":"https:\/\/hadnews.com\/ro\/wp-json\/wp\/v2\/posts\/149088\/revisions"}],"wp:featuredmedia":[{"embeddable":true,"href":"https:\/\/hadnews.com\/ro\/wp-json\/wp\/v2\/media\/149089"}],"wp:attachment":[{"href":"https:\/\/hadnews.com\/ro\/wp-json\/wp\/v2\/media?parent=149088"}],"wp:term":[{"taxonomy":"category","embeddable":true,"href":"https:\/\/hadnews.com\/ro\/wp-json\/wp\/v2\/categories?post=149088"},{"taxonomy":"post_tag","embeddable":true,"href":"https:\/\/hadnews.com\/ro\/wp-json\/wp\/v2\/tags?post=149088"}],"curies":[{"name":"wp","href":"https:\/\/api.w.org\/{rel}","templated":true}]}}