{"id":149685,"date":"2025-08-21T18:48:12","date_gmt":"2025-08-21T16:48:12","guid":{"rendered":"https:\/\/hadnews.com\/ro\/jurnalul-de-la-ora-1900-21-august-2025\/"},"modified":"2025-08-21T18:48:12","modified_gmt":"2025-08-21T16:48:12","slug":"jurnalul-de-la-ora-1900-21-august-2025","status":"publish","type":"post","link":"https:\/\/hadnews.com\/ro\/jurnalul-de-la-ora-1900-21-august-2025\/","title":{"rendered":"Jurnalul de la ora 19:00, 21 august 2025"},"content":{"rendered":"<h3>Jurnalul orei 19:00, 21.08.2025<\/h3>\n<p>Pe 21 august 2025, Jurnalul orei 19:00 aduce telespectatorilor o sintez\u0103 cu cele mai importante evenimente ale zilei, analizate \u00een detaliu de echipa noastr\u0103 de jurnali\u0219ti. \u00cen aceast\u0103 edi\u021bie, vom discuta despre teme de actualitate care au captat aten\u021bia opiniei publice, de la dezvolt\u0103ri politice \u0219i economice, la subiecte de interes social \u0219i cultural.<\/p>\n<p>\u00cencepem cu actualizarea situa\u021biei politice interne, unde avem informa\u021bii despre \u00eent\u00e2lnirile recente ale liderilor partidului de guvern\u0103m\u00e2nt \u0219i reac\u021biile opozi\u021biei. Specialistii no\u0219tri analizeaz\u0103 implica\u021biile acestor discu\u021bii asupra viitoarelor alegeri \u0219i despre reformele propuse.<\/p>\n<p>Pe plan interna\u021bional, ne vom \u00eendrepta privirea c\u0103tre evenimentele din regiune, unde tensiunile geopolitice cresc. Reporterii no\u0219tri au fost pe teren, aduc\u00e2nd informa\u021bii de prim\u0103 m\u00e2n\u0103 despre cum aceste evenimente afecteaz\u0103 rela\u021biile diplomatice \u0219i economice dintre \u021b\u0103ri.<\/p>\n<p>De asemenea, vom aduce un reportaj special despre ini\u021biativele locale de mediu, \u00eenso\u021bit de interviuri cu activi\u0219ti ecologi\u0219ti care lupt\u0103 pentru un viitor mai verde. Aceasta va fi urmat\u0103 de o discu\u021bie despre impactul schimb\u0103rilor climatice asupra comunit\u0103\u021bii noastre.<\/p>\n<p>Nu \u00een ultimul r\u00e2nd, segmentul de cultur\u0103 va scoate \u00een eviden\u021b\u0103 festivalurile \u0219i evenimentele artistice care au loc \u00een acest weekend, oferind o ocazie de a celebra tradi\u021biile \u0219i diversitatea cultural\u0103 a regiunii.<\/p>\n<p>Jurnalul orei 19:00 se dedic\u0103 furniz\u0103rii de informa\u021bii precise \u0219i relevante, angaj\u00e2ndu-se s\u0103 aduc\u0103 \u00een fa\u021ba telespectatorilor cele mai importante subiecte ale momentului. R\u0103m\u00e2ne\u021bi al\u0103turi de noi pentru a fi la curent cu tot ceea ce conteaz\u0103!<\/p>\n<p><\/p>\n<div class=\"video-container\">\n    <iframe class=\"video\" src=\"https:\/\/www.youtube.com\/embed\/5Kx_kV1c7No\" allowfullscreen><\/iframe>\n<\/div>\n<p><i>Video &#8220;Jurnalul orei 19:00, 21.08.2025\u201d a fost \u00eenc\u0103rcat pe 21\/08\/2025 pe canalul YouTube <a href=\"https:\/\/www.youtube.com\/channel\/UCJYCClZe1UppC6q3XJ4Mp2A\" target=\"_blank\"> Jurnal TV <\/a><\/i><\/p>\n","protected":false},"excerpt":{"rendered":"<p>Jurnalul orei 19:00, 21.08.2025 Pe 21 august 2025, Jurnalul orei 19:00 aduce telespectatorilor o sintez\u0103 cu cele mai importante evenimente ale zilei, analizate \u00een detaliu de echipa noastr\u0103 de jurnali\u0219ti. \u00cen aceast\u0103 edi\u021bie, vom discuta despre teme de&#8230;<\/p>\n","protected":false},"author":85,"featured_media":149686,"comment_status":"","ping_status":"open","sticky":false,"template":"","format":"standard","meta":{"footnotes":""},"categories":[8158],"tags":[59033,113189,58806,58807,14815],"class_list":{"0":"post-149685","1":"post","2":"type-post","3":"status-publish","4":"format-standard","5":"has-post-thumbnail","7":"category-stiri","8":"tag-59033","9":"tag-21-08-2025","10":"tag-jurnal","11":"tag-ore","12":"tag-social-media"},"_links":{"self":[{"href":"https:\/\/hadnews.com\/ro\/wp-json\/wp\/v2\/posts\/149685","targetHints":{"allow":["GET"]}}],"collection":[{"href":"https:\/\/hadnews.com\/ro\/wp-json\/wp\/v2\/posts"}],"about":[{"href":"https:\/\/hadnews.com\/ro\/wp-json\/wp\/v2\/types\/post"}],"author":[{"embeddable":true,"href":"https:\/\/hadnews.com\/ro\/wp-json\/wp\/v2\/users\/85"}],"replies":[{"embeddable":true,"href":"https:\/\/hadnews.com\/ro\/wp-json\/wp\/v2\/comments?post=149685"}],"version-history":[{"count":0,"href":"https:\/\/hadnews.com\/ro\/wp-json\/wp\/v2\/posts\/149685\/revisions"}],"wp:featuredmedia":[{"embeddable":true,"href":"https:\/\/hadnews.com\/ro\/wp-json\/wp\/v2\/media\/149686"}],"wp:attachment":[{"href":"https:\/\/hadnews.com\/ro\/wp-json\/wp\/v2\/media?parent=149685"}],"wp:term":[{"taxonomy":"category","embeddable":true,"href":"https:\/\/hadnews.com\/ro\/wp-json\/wp\/v2\/categories?post=149685"},{"taxonomy":"post_tag","embeddable":true,"href":"https:\/\/hadnews.com\/ro\/wp-json\/wp\/v2\/tags?post=149685"}],"curies":[{"name":"wp","href":"https:\/\/api.w.org\/{rel}","templated":true}]}}