{"id":149720,"date":"2025-08-22T01:57:15","date_gmt":"2025-08-21T23:57:15","guid":{"rendered":"https:\/\/hadnews.com\/ro\/nicusor-dans-vacation-political-analysts-view-with-skepticism\/"},"modified":"2025-08-22T01:57:15","modified_gmt":"2025-08-21T23:57:15","slug":"nicusor-dans-vacation-political-analysts-view-with-skepticism","status":"publish","type":"post","link":"https:\/\/hadnews.com\/ro\/nicusor-dans-vacation-political-analysts-view-with-skepticism\/","title":{"rendered":"Nicu\u0219or Dan&#8217;s Vacation: Political Analysts View with Skepticism"},"content":{"rendered":"<h1>Vacan\u021ba lui Nicu\u0219or Dan, privit\u0103 cu scepticism de anali\u0219tii politici<\/h1>\n<p>Pre\u0219edintele Nicu\u0219or Dan pare s\u0103 profite de o bine-meritat\u0103 vacan\u021b\u0103, r\u0103sf\u0103\u021b\u00e2ndu-se al\u0103turi de familia sa \u00een diferite col\u021buri pitore\u0219ti ale \u021b\u0103rii. Recent, el a fost v\u0103zut la Ro\u0219ia Montan\u0103, dup\u0103 o oprire de weekend la Valea S\u00e2mbetei, unde a interac\u021bionat cu comunitatea local\u0103, a degustat produse tradi\u021bionale \u0219i a primit cadouri din partea localnicilor.<\/p>\n<p>Cu toate acestea, entuziasmul cu care Nicu\u0219or Dan \u00ee\u0219i desf\u0103\u0219oar\u0103 vacan\u021ba nu este \u00eemp\u0103rt\u0103\u0219it de to\u021bi. Anali\u0219tii politici exprim\u0103 un scepticism crescut fa\u021b\u0103 de aceast\u0103 escapad\u0103, subliniind absen\u021ba unei agende clare \u00een ceea ce prive\u0219te politica extern\u0103 \u0219i de securitate, \u00eentr-un context regional din ce \u00een ce mai tensionat. <\/p>\n<p>\u00centr-o perioad\u0103 \u00een care situa\u021bia geopolitic\u0103 este marcat\u0103 de incertitudini, pre\u0219edintele ar trebui, conform criticilor, s\u0103 fie mai prezent \u0219i implicat \u00een problemele interna\u021bionale care afecteaz\u0103 Rom\u00e2nia. Exist\u0103 temeri c\u0103 vacan\u021ba sa ar putea submina imaginea unui lider activ \u0219i decisiv, esen\u021bial \u00eentr-o astfel de perioad\u0103 crucial\u0103.<\/p>\n<p>\u00cen ciuda acestor voci critice, Dan continu\u0103 s\u0103 \u00ee\u0219i promoveze pe re\u021belele sociale activit\u0103\u021bile din vacan\u021b\u0103, aspecte care, de\u0219i pline de bune inten\u021bii, nu reu\u0219esc s\u0103 ascund\u0103 preocup\u0103rile legate de strategia sa pe termen lung. \u00cen concluzie, vacan\u021ba lui Nicu\u0219or Dan st\u00e2rne\u0219te nu doar admiratie, ci \u0219i \u00eentreb\u0103ri legate de priorit\u0103\u021bile acestuia ca lider al na\u021biunii \u00een fa\u021ba provoc\u0103rilor actuale.<\/p>\n<p><\/p>\n<div class=\"video-container\">\n    <iframe class=\"video\" src=\"https:\/\/www.youtube.com\/embed\/Mssw7sSNfj4\" allowfullscreen><\/iframe>\n<\/div>\n<p><i>Video &#8220;Vacan\u021ba lui Nicu\u0219or Dan, privit\u0103 cu scepticism de anali\u0219tii politici\u201d a fost \u00eenc\u0103rcat pe 21\/08\/2025 pe canalul YouTube <a href=\"https:\/\/www.youtube.com\/channel\/UCbATDExtWstHnwWELZnXNZA\" target=\"_blank\"> Euronews Romania <\/a><\/i><\/p>\n","protected":false},"excerpt":{"rendered":"<p>Vacan\u021ba lui Nicu\u0219or Dan, privit\u0103 cu scepticism de anali\u0219tii politici Pre\u0219edintele Nicu\u0219or Dan pare s\u0103 profite de o bine-meritat\u0103 vacan\u021b\u0103, r\u0103sf\u0103\u021b\u00e2ndu-se al\u0103turi de familia sa \u00een diferite col\u021buri pitore\u0219ti ale \u021b\u0103rii. Recent, el a fost v\u0103zut la Ro\u0219ia Montan\u0103,&#8230;<\/p>\n","protected":false},"author":84,"featured_media":149721,"comment_status":"","ping_status":"open","sticky":false,"template":"","format":"standard","meta":{"footnotes":""},"categories":[8158],"tags":[59708,59704,21254,112886,3732],"class_list":{"0":"post-149720","1":"post","2":"type-post","3":"status-publish","4":"format-standard","5":"has-post-thumbnail","7":"category-stiri","8":"tag-comunitate","9":"tag-nicusor-dan","10":"tag-politica","11":"tag-scepticism","12":"tag-vacanta"},"_links":{"self":[{"href":"https:\/\/hadnews.com\/ro\/wp-json\/wp\/v2\/posts\/149720","targetHints":{"allow":["GET"]}}],"collection":[{"href":"https:\/\/hadnews.com\/ro\/wp-json\/wp\/v2\/posts"}],"about":[{"href":"https:\/\/hadnews.com\/ro\/wp-json\/wp\/v2\/types\/post"}],"author":[{"embeddable":true,"href":"https:\/\/hadnews.com\/ro\/wp-json\/wp\/v2\/users\/84"}],"replies":[{"embeddable":true,"href":"https:\/\/hadnews.com\/ro\/wp-json\/wp\/v2\/comments?post=149720"}],"version-history":[{"count":0,"href":"https:\/\/hadnews.com\/ro\/wp-json\/wp\/v2\/posts\/149720\/revisions"}],"wp:featuredmedia":[{"embeddable":true,"href":"https:\/\/hadnews.com\/ro\/wp-json\/wp\/v2\/media\/149721"}],"wp:attachment":[{"href":"https:\/\/hadnews.com\/ro\/wp-json\/wp\/v2\/media?parent=149720"}],"wp:term":[{"taxonomy":"category","embeddable":true,"href":"https:\/\/hadnews.com\/ro\/wp-json\/wp\/v2\/categories?post=149720"},{"taxonomy":"post_tag","embeddable":true,"href":"https:\/\/hadnews.com\/ro\/wp-json\/wp\/v2\/tags?post=149720"}],"curies":[{"name":"wp","href":"https:\/\/api.w.org\/{rel}","templated":true}]}}