{"id":150092,"date":"2025-08-24T18:00:07","date_gmt":"2025-08-24T16:00:07","guid":{"rendered":"https:\/\/hadnews.com\/ro\/patrula-jurnal-tv-editia-din-24-august-2025\/"},"modified":"2025-08-24T18:00:07","modified_gmt":"2025-08-24T16:00:07","slug":"patrula-jurnal-tv-editia-din-24-august-2025","status":"publish","type":"post","link":"https:\/\/hadnews.com\/ro\/patrula-jurnal-tv-editia-din-24-august-2025\/","title":{"rendered":"Patrula Jurnal TV, edi\u021bia din 24 august 2025"},"content":{"rendered":"<h3>Patrula Jurnal TV, edi\u021bia din 24.08.2025<\/h3>\n<p>\u00cen edi\u021bia din 24 august 2025 a Patrulei Jurnal TV, telespectatorii au ocazia s\u0103 descopere cele mai relevante \u0219tiri \u0219i evenimente care au marcat s\u0103pt\u0103m\u00e2na \u00een curs. Aceast\u0103 emisiune, dedicat\u0103 inform\u0103rii corecte \u0219i obiective, aduce \u00een prim-plan subiecte de interes na\u021bional \u0219i local, cu o abordare jurnalistic\u0103 riguroas\u0103.<\/p>\n<p>Printre temele discutate \u00een aceast\u0103 edi\u021bie se num\u0103r\u0103:<\/p>\n<ol>\n<li>\n<p><strong>Dezbateri Politice Actuale<\/strong>: Edi\u021bia va explora ultimele decizii politice \u0219i impactul acestora asupra societ\u0103\u021bii. Analiz\u0103m reac\u021biile partidelor politice \u0219i opiniile exper\u021bilor pentru a oferi o imagine clar\u0103 asupra direc\u021biilor \u00een care se \u00eendreapt\u0103 \u021bara.<\/p>\n<\/li>\n<li>\n<p><strong>Problemele Sociale<\/strong>: Patrula Jurnal TV atinge subiecte sensibile \u0219i relevante precum s\u0103n\u0103tatea public\u0103, educa\u021bia \u0219i inegalit\u0103\u021bile sociale. Interviuri cu cet\u0103\u021beni afecta\u021bi de aceste probleme \u0219i cu reprezentan\u021bi ai organiza\u021biilor non-guvernamentale ne ajut\u0103 s\u0103 \u00een\u021belegem realitatea \u00een care tr\u0103im.<\/p>\n<\/li>\n<li>\n<p><strong>Evenimente Culturale<\/strong>: Nu lipsesc reportajele dedicate evenimentelor culturale desf\u0103\u0219urate \u00een \u021bar\u0103. De la festivaluri de muzic\u0103 la expozi\u021bii de art\u0103, edi\u021bia prezint\u0103 diversitatea cultural\u0103 a regiunii \u0219i talentul local.<\/p>\n<\/li>\n<li>\n<p><strong>Inova\u021bii Economice<\/strong>: Economia na\u021bional\u0103 este un alt subiect de interes. Vor fi discutate inova\u021biile recente, proiectele de investi\u021bii \u0219i perspectivele de dezvoltare pentru antreprenoriat, oferind astfel un ghid pentru cei interesa\u021bi s\u0103 investeasc\u0103 \u00een viitorul economic al \u021b\u0103rii.<\/p>\n<\/li>\n<li><strong>Reportaj Special<\/strong>: Edi\u021bia se va \u00eencheia cu un reportaj special despre comunit\u0103\u021bile vulnerabile, eviden\u021biind ini\u021biativele locale menite s\u0103 sprijine persoanele aflate \u00een dificultate. Aici, vom cunoa\u0219te oameni devota\u021bi care \u00ee\u0219i dedic\u0103 timp \u0219i resurse pentru a \u00eembun\u0103t\u0103\u021bi vie\u021bile celor din jur.<\/li>\n<\/ol>\n<p>Aceast\u0103 edi\u021bie promite s\u0103 ofere nu doar \u0219tiri, ci \u0219i o platform\u0103 de discu\u021bie care s\u0103 \u00eencurajeze angajamentul civic \u0219i con\u0219tientizarea problemelor sociale. Patrula Jurnal TV continu\u0103 s\u0103 fie vocea comunit\u0103\u021bii, promov\u00e2nd transparen\u021ba \u0219i responsabilitatea \u00een reportingul jurnalistic.<\/p>\n<p><\/p>\n<div class=\"video-container\">\n    <iframe class=\"video\" src=\"https:\/\/www.youtube.com\/embed\/w6sMwJshMDI\" allowfullscreen><\/iframe>\n<\/div>\n<p><i>Video &#8220;Patrula Jurnal TV, edi\u021bia din 24.08.2025\u201d a fost \u00eenc\u0103rcat pe 24\/08\/2025 pe canalul YouTube <a href=\"https:\/\/www.youtube.com\/channel\/UCJYCClZe1UppC6q3XJ4Mp2A\" target=\"_blank\"> Jurnal TV <\/a><\/i><\/p>\n","protected":false},"excerpt":{"rendered":"<p>Patrula Jurnal TV, edi\u021bia din 24.08.2025 \u00cen edi\u021bia din 24 august 2025 a Patrulei Jurnal TV, telespectatorii au ocazia s\u0103 descopere cele mai relevante \u0219tiri \u0219i evenimente care au marcat s\u0103pt\u0103m\u00e2na \u00een curs. Aceast\u0103 emisiune, dedicat\u0103 inform\u0103rii corecte \u0219i&#8230;<\/p>\n","protected":false},"author":85,"featured_media":150093,"comment_status":"","ping_status":"open","sticky":false,"template":"","format":"standard","meta":{"footnotes":""},"categories":[8158],"tags":[83028,103365,58806,91842,14841],"class_list":{"0":"post-150092","1":"post","2":"type-post","3":"status-publish","4":"format-standard","5":"has-post-thumbnail","7":"category-stiri","8":"tag-83028","9":"tag-edicia","10":"tag-jurnal","11":"tag-patrula","12":"tag-tv"},"_links":{"self":[{"href":"https:\/\/hadnews.com\/ro\/wp-json\/wp\/v2\/posts\/150092","targetHints":{"allow":["GET"]}}],"collection":[{"href":"https:\/\/hadnews.com\/ro\/wp-json\/wp\/v2\/posts"}],"about":[{"href":"https:\/\/hadnews.com\/ro\/wp-json\/wp\/v2\/types\/post"}],"author":[{"embeddable":true,"href":"https:\/\/hadnews.com\/ro\/wp-json\/wp\/v2\/users\/85"}],"replies":[{"embeddable":true,"href":"https:\/\/hadnews.com\/ro\/wp-json\/wp\/v2\/comments?post=150092"}],"version-history":[{"count":0,"href":"https:\/\/hadnews.com\/ro\/wp-json\/wp\/v2\/posts\/150092\/revisions"}],"wp:featuredmedia":[{"embeddable":true,"href":"https:\/\/hadnews.com\/ro\/wp-json\/wp\/v2\/media\/150093"}],"wp:attachment":[{"href":"https:\/\/hadnews.com\/ro\/wp-json\/wp\/v2\/media?parent=150092"}],"wp:term":[{"taxonomy":"category","embeddable":true,"href":"https:\/\/hadnews.com\/ro\/wp-json\/wp\/v2\/categories?post=150092"},{"taxonomy":"post_tag","embeddable":true,"href":"https:\/\/hadnews.com\/ro\/wp-json\/wp\/v2\/tags?post=150092"}],"curies":[{"name":"wp","href":"https:\/\/api.w.org\/{rel}","templated":true}]}}